{"id":9507,"date":"2016-12-06T11:47:02","date_gmt":"2016-12-06T08:47:02","guid":{"rendered":"https:\/\/www.epcc.ee\/en\/2016\/12\/gesualdo-album-grammy-nominentide-hulgas\/"},"modified":"2017-05-23T17:36:07","modified_gmt":"2017-05-23T14:36:07","slug":"album-gesualdo-among-grammy-nominees","status":"publish","type":"post","link":"https:\/\/www.epcc.ee\/en\/2016\/12\/album-gesualdo-among-grammy-nominees\/","title":{"rendered":"Album Gesualdo among Grammy nominees"},"content":{"rendered":"<p>Album Gesualdo\u00a0was announced as one of the Grammy nominees in the Best Classical Compendium category at the 59th Annual Grammy\u00a0Awards. The recording includes music by Carlo Gesualdo da Venosa, Carlo by Brett Dean, and Erkki-Sven T\u00fc\u00fcr, performed by the Estonian Philharmonic Chamber Choir and the Tallinn Camber Orchestra under T\u00f5nu Kaljuste. The album is released by ECM.<br \/>\n<a href=\"https:\/\/www.grammy.com\/nominees\">https:\/\/www.grammy.com\/nominees<\/a><\/p>\n","protected":false},"excerpt":{"rendered":"<p>Album Gesualdo\u00a0was announced as one of the Grammy nominees in the Best Classical Compendium category at the 59th Annual Grammy\u00a0Awards. The recording includes music by Carlo Gesualdo da Venosa, Carlo by Brett Dean, and Erkki-Sven T\u00fc\u00fcr, performed by the Estonian Philharmonic Chamber Choir and the Tallinn Camber Orchestra under T\u00f5nu Kaljuste. The album is released [&hellip;]<\/p>\n","protected":false},"author":2,"featured_media":0,"comment_status":"closed","ping_status":"open","sticky":false,"template":"","format":"standard","meta":{"_acf_changed":false,"footnotes":""},"categories":[7],"tags":[],"class_list":["post-9507","post","type-post","status-publish","format-standard","hentry","category-news"],"acf":[],"yoast_head":"<!-- This site is optimized with the Yoast SEO plugin v26.3 - https:\/\/yoast.com\/wordpress\/plugins\/seo\/ -->\n<title>Album Gesualdo among Grammy nominees - Estonian Philharmonic Chamber Choir<\/title>\n<meta name=\"robots\" content=\"index, follow, max-snippet:-1, max-image-preview:large, max-video-preview:-1\" \/>\n<link rel=\"canonical\" href=\"https:\/\/www.epcc.ee\/en\/2016\/12\/album-gesualdo-among-grammy-nominees\/\" \/>\n<meta property=\"og:locale\" content=\"en_US\" \/>\n<meta property=\"og:type\" content=\"article\" \/>\n<meta property=\"og:title\" content=\"Album Gesualdo among Grammy nominees - Estonian Philharmonic Chamber Choir\" \/>\n<meta property=\"og:description\" content=\"Album Gesualdo\u00a0was announced as one of the Grammy nominees in the Best Classical Compendium category at the 59th Annual Grammy\u00a0Awards. The recording includes music by Carlo Gesualdo da Venosa, Carlo by Brett Dean, and Erkki-Sven T\u00fc\u00fcr, performed by the Estonian Philharmonic Chamber Choir and the Tallinn Camber Orchestra under T\u00f5nu Kaljuste. The album is released [&hellip;]\" \/>\n<meta property=\"og:url\" content=\"https:\/\/www.epcc.ee\/en\/2016\/12\/album-gesualdo-among-grammy-nominees\/\" \/>\n<meta property=\"og:site_name\" content=\"Estonian Philharmonic Chamber Choir\" \/>\n<meta property=\"article:publisher\" content=\"https:\/\/www.facebook.com\/kammerkoor\/\" \/>\n<meta property=\"article:published_time\" content=\"2016-12-06T08:47:02+00:00\" \/>\n<meta property=\"article:modified_time\" content=\"2017-05-23T14:36:07+00:00\" \/>\n<meta property=\"og:image\" content=\"https:\/\/www.epcc.ee\/wp-content\/uploads\/2015\/05\/home_katlas.jpg\" \/>\n\t<meta property=\"og:image:width\" content=\"1920\" \/>\n\t<meta property=\"og:image:height\" content=\"720\" \/>\n\t<meta property=\"og:image:type\" content=\"image\/jpeg\" \/>\n<meta name=\"author\" content=\"epcc\" \/>\n<meta name=\"twitter:card\" content=\"summary_large_image\" \/>\n<meta name=\"twitter:label1\" content=\"Written by\" \/>\n\t<meta name=\"twitter:data1\" content=\"epcc\" \/>\n<script type=\"application\/ld+json\" class=\"yoast-schema-graph\">{\"@context\":\"https:\/\/schema.org\",\"@graph\":[{\"@type\":\"Article\",\"@id\":\"https:\/\/www.epcc.ee\/en\/2016\/12\/album-gesualdo-among-grammy-nominees\/#article\",\"isPartOf\":{\"@id\":\"https:\/\/www.epcc.ee\/en\/2016\/12\/album-gesualdo-among-grammy-nominees\/\"},\"author\":{\"name\":\"epcc\",\"@id\":\"https:\/\/www.epcc.ee\/#\/schema\/person\/c7335228c20d567fa07b901fe5ca1e95\"},\"headline\":\"Album Gesualdo among Grammy nominees\",\"datePublished\":\"2016-12-06T08:47:02+00:00\",\"dateModified\":\"2017-05-23T14:36:07+00:00\",\"mainEntityOfPage\":{\"@id\":\"https:\/\/www.epcc.ee\/en\/2016\/12\/album-gesualdo-among-grammy-nominees\/\"},\"wordCount\":71,\"publisher\":{\"@id\":\"https:\/\/www.epcc.ee\/#organization\"},\"articleSection\":[\"News\"],\"inLanguage\":\"en-US\"},{\"@type\":\"WebPage\",\"@id\":\"https:\/\/www.epcc.ee\/en\/2016\/12\/album-gesualdo-among-grammy-nominees\/\",\"url\":\"https:\/\/www.epcc.ee\/en\/2016\/12\/album-gesualdo-among-grammy-nominees\/\",\"name\":\"Album Gesualdo among Grammy nominees - Estonian Philharmonic Chamber Choir\",\"isPartOf\":{\"@id\":\"https:\/\/www.epcc.ee\/#website\"},\"datePublished\":\"2016-12-06T08:47:02+00:00\",\"dateModified\":\"2017-05-23T14:36:07+00:00\",\"breadcrumb\":{\"@id\":\"https:\/\/www.epcc.ee\/en\/2016\/12\/album-gesualdo-among-grammy-nominees\/#breadcrumb\"},\"inLanguage\":\"en-US\",\"potentialAction\":[{\"@type\":\"ReadAction\",\"target\":[\"https:\/\/www.epcc.ee\/en\/2016\/12\/album-gesualdo-among-grammy-nominees\/\"]}]},{\"@type\":\"BreadcrumbList\",\"@id\":\"https:\/\/www.epcc.ee\/en\/2016\/12\/album-gesualdo-among-grammy-nominees\/#breadcrumb\",\"itemListElement\":[{\"@type\":\"ListItem\",\"position\":1,\"name\":\"Home\",\"item\":\"https:\/\/www.epcc.ee\/\"},{\"@type\":\"ListItem\",\"position\":2,\"name\":\"Album Gesualdo among Grammy nominees\"}]},{\"@type\":\"WebSite\",\"@id\":\"https:\/\/www.epcc.ee\/#website\",\"url\":\"https:\/\/www.epcc.ee\/\",\"name\":\"Eesti Filharmoonia Kammerkoor\",\"description\":\"\",\"publisher\":{\"@id\":\"https:\/\/www.epcc.ee\/#organization\"},\"potentialAction\":[{\"@type\":\"SearchAction\",\"target\":{\"@type\":\"EntryPoint\",\"urlTemplate\":\"https:\/\/www.epcc.ee\/?s={search_term_string}\"},\"query-input\":{\"@type\":\"PropertyValueSpecification\",\"valueRequired\":true,\"valueName\":\"search_term_string\"}}],\"inLanguage\":\"en-US\"},{\"@type\":\"Organization\",\"@id\":\"https:\/\/www.epcc.ee\/#organization\",\"name\":\"Eesti Filharmoonia Kammerkoor\",\"url\":\"https:\/\/www.epcc.ee\/\",\"logo\":{\"@type\":\"ImageObject\",\"inLanguage\":\"en-US\",\"@id\":\"https:\/\/www.epcc.ee\/#\/schema\/logo\/image\/\",\"url\":\"https:\/\/www.epcc.ee\/wp-content\/uploads\/2020\/10\/EFK-logo-2020-est-RGB-png.png\",\"contentUrl\":\"https:\/\/www.epcc.ee\/wp-content\/uploads\/2020\/10\/EFK-logo-2020-est-RGB-png.png\",\"width\":866,\"height\":247,\"caption\":\"Eesti Filharmoonia Kammerkoor\"},\"image\":{\"@id\":\"https:\/\/www.epcc.ee\/#\/schema\/logo\/image\/\"},\"sameAs\":[\"https:\/\/www.facebook.com\/kammerkoor\/\",\"https:\/\/www.youtube.com\/user\/epccclassics\"]},{\"@type\":\"Person\",\"@id\":\"https:\/\/www.epcc.ee\/#\/schema\/person\/c7335228c20d567fa07b901fe5ca1e95\",\"name\":\"epcc\",\"image\":{\"@type\":\"ImageObject\",\"inLanguage\":\"en-US\",\"@id\":\"https:\/\/www.epcc.ee\/#\/schema\/person\/image\/\",\"url\":\"https:\/\/secure.gravatar.com\/avatar\/82c79155df3c5b578b02bfa991733320?s=96&d=blank&r=g\",\"contentUrl\":\"https:\/\/secure.gravatar.com\/avatar\/82c79155df3c5b578b02bfa991733320?s=96&d=blank&r=g\",\"caption\":\"epcc\"}}]}<\/script>\n<!-- \/ Yoast SEO plugin. -->","yoast_head_json":{"title":"Album Gesualdo among Grammy nominees - Estonian Philharmonic Chamber Choir","robots":{"index":"index","follow":"follow","max-snippet":"max-snippet:-1","max-image-preview":"max-image-preview:large","max-video-preview":"max-video-preview:-1"},"canonical":"https:\/\/www.epcc.ee\/en\/2016\/12\/album-gesualdo-among-grammy-nominees\/","og_locale":"en_US","og_type":"article","og_title":"Album Gesualdo among Grammy nominees - Estonian Philharmonic Chamber Choir","og_description":"Album Gesualdo\u00a0was announced as one of the Grammy nominees in the Best Classical Compendium category at the 59th Annual Grammy\u00a0Awards. The recording includes music by Carlo Gesualdo da Venosa, Carlo by Brett Dean, and Erkki-Sven T\u00fc\u00fcr, performed by the Estonian Philharmonic Chamber Choir and the Tallinn Camber Orchestra under T\u00f5nu Kaljuste. The album is released [&hellip;]","og_url":"https:\/\/www.epcc.ee\/en\/2016\/12\/album-gesualdo-among-grammy-nominees\/","og_site_name":"Estonian Philharmonic Chamber Choir","article_publisher":"https:\/\/www.facebook.com\/kammerkoor\/","article_published_time":"2016-12-06T08:47:02+00:00","article_modified_time":"2017-05-23T14:36:07+00:00","og_image":[{"width":1920,"height":720,"url":"https:\/\/www.epcc.ee\/wp-content\/uploads\/2015\/05\/home_katlas.jpg","type":"image\/jpeg"}],"author":"epcc","twitter_card":"summary_large_image","twitter_misc":{"Written by":"epcc"},"schema":{"@context":"https:\/\/schema.org","@graph":[{"@type":"Article","@id":"https:\/\/www.epcc.ee\/en\/2016\/12\/album-gesualdo-among-grammy-nominees\/#article","isPartOf":{"@id":"https:\/\/www.epcc.ee\/en\/2016\/12\/album-gesualdo-among-grammy-nominees\/"},"author":{"name":"epcc","@id":"https:\/\/www.epcc.ee\/#\/schema\/person\/c7335228c20d567fa07b901fe5ca1e95"},"headline":"Album Gesualdo among Grammy nominees","datePublished":"2016-12-06T08:47:02+00:00","dateModified":"2017-05-23T14:36:07+00:00","mainEntityOfPage":{"@id":"https:\/\/www.epcc.ee\/en\/2016\/12\/album-gesualdo-among-grammy-nominees\/"},"wordCount":71,"publisher":{"@id":"https:\/\/www.epcc.ee\/#organization"},"articleSection":["News"],"inLanguage":"en-US"},{"@type":"WebPage","@id":"https:\/\/www.epcc.ee\/en\/2016\/12\/album-gesualdo-among-grammy-nominees\/","url":"https:\/\/www.epcc.ee\/en\/2016\/12\/album-gesualdo-among-grammy-nominees\/","name":"Album Gesualdo among Grammy nominees - Estonian Philharmonic Chamber Choir","isPartOf":{"@id":"https:\/\/www.epcc.ee\/#website"},"datePublished":"2016-12-06T08:47:02+00:00","dateModified":"2017-05-23T14:36:07+00:00","breadcrumb":{"@id":"https:\/\/www.epcc.ee\/en\/2016\/12\/album-gesualdo-among-grammy-nominees\/#breadcrumb"},"inLanguage":"en-US","potentialAction":[{"@type":"ReadAction","target":["https:\/\/www.epcc.ee\/en\/2016\/12\/album-gesualdo-among-grammy-nominees\/"]}]},{"@type":"BreadcrumbList","@id":"https:\/\/www.epcc.ee\/en\/2016\/12\/album-gesualdo-among-grammy-nominees\/#breadcrumb","itemListElement":[{"@type":"ListItem","position":1,"name":"Home","item":"https:\/\/www.epcc.ee\/"},{"@type":"ListItem","position":2,"name":"Album Gesualdo among Grammy nominees"}]},{"@type":"WebSite","@id":"https:\/\/www.epcc.ee\/#website","url":"https:\/\/www.epcc.ee\/","name":"Eesti Filharmoonia Kammerkoor","description":"","publisher":{"@id":"https:\/\/www.epcc.ee\/#organization"},"potentialAction":[{"@type":"SearchAction","target":{"@type":"EntryPoint","urlTemplate":"https:\/\/www.epcc.ee\/?s={search_term_string}"},"query-input":{"@type":"PropertyValueSpecification","valueRequired":true,"valueName":"search_term_string"}}],"inLanguage":"en-US"},{"@type":"Organization","@id":"https:\/\/www.epcc.ee\/#organization","name":"Eesti Filharmoonia Kammerkoor","url":"https:\/\/www.epcc.ee\/","logo":{"@type":"ImageObject","inLanguage":"en-US","@id":"https:\/\/www.epcc.ee\/#\/schema\/logo\/image\/","url":"https:\/\/www.epcc.ee\/wp-content\/uploads\/2020\/10\/EFK-logo-2020-est-RGB-png.png","contentUrl":"https:\/\/www.epcc.ee\/wp-content\/uploads\/2020\/10\/EFK-logo-2020-est-RGB-png.png","width":866,"height":247,"caption":"Eesti Filharmoonia Kammerkoor"},"image":{"@id":"https:\/\/www.epcc.ee\/#\/schema\/logo\/image\/"},"sameAs":["https:\/\/www.facebook.com\/kammerkoor\/","https:\/\/www.youtube.com\/user\/epccclassics"]},{"@type":"Person","@id":"https:\/\/www.epcc.ee\/#\/schema\/person\/c7335228c20d567fa07b901fe5ca1e95","name":"epcc","image":{"@type":"ImageObject","inLanguage":"en-US","@id":"https:\/\/www.epcc.ee\/#\/schema\/person\/image\/","url":"https:\/\/secure.gravatar.com\/avatar\/82c79155df3c5b578b02bfa991733320?s=96&d=blank&r=g","contentUrl":"https:\/\/secure.gravatar.com\/avatar\/82c79155df3c5b578b02bfa991733320?s=96&d=blank&r=g","caption":"epcc"}}]}},"_links":{"self":[{"href":"https:\/\/www.epcc.ee\/en\/wp-json\/wp\/v2\/posts\/9507","targetHints":{"allow":["GET"]}}],"collection":[{"href":"https:\/\/www.epcc.ee\/en\/wp-json\/wp\/v2\/posts"}],"about":[{"href":"https:\/\/www.epcc.ee\/en\/wp-json\/wp\/v2\/types\/post"}],"author":[{"embeddable":true,"href":"https:\/\/www.epcc.ee\/en\/wp-json\/wp\/v2\/users\/2"}],"replies":[{"embeddable":true,"href":"https:\/\/www.epcc.ee\/en\/wp-json\/wp\/v2\/comments?post=9507"}],"version-history":[{"count":0,"href":"https:\/\/www.epcc.ee\/en\/wp-json\/wp\/v2\/posts\/9507\/revisions"}],"wp:attachment":[{"href":"https:\/\/www.epcc.ee\/en\/wp-json\/wp\/v2\/media?parent=9507"}],"wp:term":[{"taxonomy":"category","embeddable":true,"href":"https:\/\/www.epcc.ee\/en\/wp-json\/wp\/v2\/categories?post=9507"},{"taxonomy":"post_tag","embeddable":true,"href":"https:\/\/www.epcc.ee\/en\/wp-json\/wp\/v2\/tags?post=9507"}],"curies":[{"name":"wp","href":"https:\/\/api.w.org\/{rel}","templated":true}]}}