{"id":7949,"date":"2015-09-29T11:32:46","date_gmt":"2015-09-29T08:32:46","guid":{"rendered":"https:\/\/www.epcc.ee\/?p=7949"},"modified":"2015-09-29T11:32:46","modified_gmt":"2015-09-29T08:32:46","slug":"carlo-gesualdo","status":"publish","type":"post","link":"https:\/\/www.epcc.ee\/en\/2015\/09\/carlo-gesualdo\/","title":{"rendered":"Carlo Gesualdo"},"content":{"rendered":"<p>T\u00edtol: Gesualdo<br \/>\nAutor: Erkki-SvenT\u00fc\u00fcr, Brett Dean, Carlo Gesualdo de Venosa<br \/>\nInt\u00e8rprets:Estonian Philharmonic Chamber Choir<br \/>\nTallinn Chamber Orchestra<br \/>\nDirecci\u00f3:T\u00f5nu Kaljuste<br \/>\nSegell discogr\u00e0fic: ECM records<\/p>\n<p>&nbsp;<\/p>\n<p>GesualdoEl febrer de 2014 es va enregistrar, a la Tallinn Methodist Church, un nou disc d\u2019ECM Records dedicat a la figura del compositor itali\u00e0 Carlo Gesualdo de Venosa (1566-1613). L\u2019emotiva interpretaci\u00f3 de les veus i els instrumentistes d\u2019Est\u00f2nia mereix, sens dubte, elogiosos comentaris.<br \/>\nD\u2019entrada, aquest disc est\u00e0 dedicat a la mem\u00f2ria de Maido Maadik (1960-2014), un dels enginyers de so m\u00e9s destacats del pa\u00eds b\u00e0ltic, que va estar vinculat a l\u2019Arvo P\u00e4rt Center. Aquest enregistrament el va editar i mesclar ell mateix.<br \/>\nEn segon lloc, fixar-se en l\u2019arist\u00f2crata i compositor itali\u00e0 Carlo Gesualdo, pr\u00edncep de Venosa, no \u00e9s una gesticulaci\u00f3 hist\u00f2rica, \u00e9s m\u00e9s, transcriure la seva m\u00fasica per a orquestra \u00e9s un desafiament musical de primer ordre perqu\u00e8 l\u2019obra del compositor de Venosa cont\u00e9 una llavor de profunda tristesa i desassossec. Gesualdo fou, al llarg de la seva vida, un \u00e9sser turmentat, sensible i original.<br \/>\nI, en tercer lloc, en aquest disc hi podem sentir les reflexions de dos compositors actuals, l\u2019estoni\u00e0 Erkki-Sven Tuur i l\u2019australi\u00e0 Brett Dean, captivats per les rareses crom\u00e0tiques i els canvis harm\u00f2nics enlluernadors que evoquen el lament i l\u2019autocompassi\u00f3.<br \/>\nLa primera obra del disc \u00e9s la transcripci\u00f3 per a orquestra de Moro lasso, del Sesto Libro Di Madrigali (1611),una de les composicions m\u00e9s famoses de Gesualdo. Un madrigal amb motius sorprenents per la seva foscor expressiva.<br \/>\nMalgrat les dificultats per comprendre les idees de Gesualdo, la seva m\u00fasica ha interessat molts compositors del segle XX i XXI. El misteri i l\u2019encant de la seva m\u00fasica va dur a Brett Dean a compondre Carlo, una obra per a cor i orquestra comissionada per l\u2019Australian Chamber Orchestra i per al Huntington Festival de l\u2019any 1997. Aquesta obra,d\u2019un gran potencial expressiu, va ser originalment escrita per a corda, sampler (mostrejador) i tape. T\u00f5nuKaljuste va suggerir afegir les veus amb un resultat francament immillorable.<br \/>\nErkki Sven Tuur presenta la seva L\u2019Ombra della croce per a orquestra de corda i dedicada a Manfred Eicher. El programa es completa amb \u00abPsalmody\u00bb que cont\u00e9 passatges de s\u00edntesi atonal interpretats per una computadora. Tot i la inspiraci\u00f3 de Gesualdo, T\u00fc\u00fcr utilitza una mena de \u00abminimalisme\u00bb derivat de patrons r\u00edtmics i variacions de tons provinents de la m\u00fasica antiga europea.<br \/>\nLa intrigant atmosfera sonora i la sorprenent lluminositat de les veus de l\u2019Estonian Philharmonic Chamber Choir parlen de dues \u00e8poques que estan unides per l\u2019etern enigma del retrat sonor de la m\u00fasica de Gesualdo.<br \/>\nEl cor i l\u2019orquestra s\u2019uneixen, es complementen i fan reviure a l\u2019oient l\u2019abstracci\u00f3 d\u2019un m\u00f3n atemporal.<\/p>\n<p>&nbsp;<\/p>\n<blockquote class=\"wp-embedded-content\" data-secret=\"tNUxhU14LM\"><p><a href=\"https:\/\/sonograma.org\/suplement-de-discos\/carlo-gesualdo\/\">Carlo Gesualdo<\/a><\/p><\/blockquote>\n<p><iframe loading=\"lazy\" class=\"wp-embedded-content\" sandbox=\"allow-scripts\" security=\"restricted\" style=\"position: absolute; visibility: hidden;\" title=\"&#8220;Carlo Gesualdo&#8221; &#8212; Suplement de discos\" src=\"https:\/\/sonograma.org\/suplement-de-discos\/carlo-gesualdo\/embed\/#?secret=25EmQ0KhR5#?secret=tNUxhU14LM\" data-secret=\"tNUxhU14LM\" width=\"500\" height=\"282\" frameborder=\"0\" marginwidth=\"0\" marginheight=\"0\" scrolling=\"no\"><\/iframe><\/p>\n<p>&nbsp;<\/p>\n","protected":false},"excerpt":{"rendered":"<p>T\u00edtol: Gesualdo Autor: Erkki-SvenT\u00fc\u00fcr, Brett Dean, Carlo Gesualdo de Venosa Int\u00e8rprets:Estonian Philharmonic Chamber Choir Tallinn Chamber Orchestra Direcci\u00f3:T\u00f5nu Kaljuste Segell discogr\u00e0fic: ECM records &nbsp; GesualdoEl febrer de 2014 es va enregistrar, a la Tallinn Methodist Church, un nou disc d\u2019ECM Records dedicat a la figura del compositor itali\u00e0 Carlo Gesualdo de Venosa (1566-1613). L\u2019emotiva interpretaci\u00f3 [&hellip;]<\/p>\n","protected":false},"author":2,"featured_media":0,"comment_status":"closed","ping_status":"open","sticky":false,"template":"","format":"standard","meta":{"_acf_changed":false,"footnotes":""},"categories":[9],"tags":[],"class_list":["post-7949","post","type-post","status-publish","format-standard","hentry","category-media"],"acf":[],"yoast_head":"<!-- This site is optimized with the Yoast SEO plugin v26.3 - https:\/\/yoast.com\/wordpress\/plugins\/seo\/ -->\n<title>Carlo Gesualdo - Estonian Philharmonic Chamber Choir<\/title>\n<meta name=\"robots\" content=\"index, follow, max-snippet:-1, max-image-preview:large, max-video-preview:-1\" \/>\n<link rel=\"canonical\" href=\"https:\/\/www.epcc.ee\/en\/2015\/09\/carlo-gesualdo\/\" \/>\n<meta property=\"og:locale\" content=\"en_US\" \/>\n<meta property=\"og:type\" content=\"article\" \/>\n<meta property=\"og:title\" content=\"Carlo Gesualdo - Estonian Philharmonic Chamber Choir\" \/>\n<meta property=\"og:description\" content=\"T\u00edtol: Gesualdo Autor: Erkki-SvenT\u00fc\u00fcr, Brett Dean, Carlo Gesualdo de Venosa Int\u00e8rprets:Estonian Philharmonic Chamber Choir Tallinn Chamber Orchestra Direcci\u00f3:T\u00f5nu Kaljuste Segell discogr\u00e0fic: ECM records &nbsp; GesualdoEl febrer de 2014 es va enregistrar, a la Tallinn Methodist Church, un nou disc d\u2019ECM Records dedicat a la figura del compositor itali\u00e0 Carlo Gesualdo de Venosa (1566-1613). L\u2019emotiva interpretaci\u00f3 [&hellip;]\" \/>\n<meta property=\"og:url\" content=\"https:\/\/www.epcc.ee\/en\/2015\/09\/carlo-gesualdo\/\" \/>\n<meta property=\"og:site_name\" content=\"Estonian Philharmonic Chamber Choir\" \/>\n<meta property=\"article:publisher\" content=\"https:\/\/www.facebook.com\/kammerkoor\/\" \/>\n<meta property=\"article:published_time\" content=\"2015-09-29T08:32:46+00:00\" \/>\n<meta property=\"og:image\" content=\"https:\/\/www.epcc.ee\/wp-content\/uploads\/2015\/05\/home_katlas.jpg\" \/>\n\t<meta property=\"og:image:width\" content=\"1920\" \/>\n\t<meta property=\"og:image:height\" content=\"720\" \/>\n\t<meta property=\"og:image:type\" content=\"image\/jpeg\" \/>\n<meta name=\"author\" content=\"epcc\" \/>\n<meta name=\"twitter:card\" content=\"summary_large_image\" \/>\n<meta name=\"twitter:label1\" content=\"Written by\" \/>\n\t<meta name=\"twitter:data1\" content=\"epcc\" \/>\n\t<meta name=\"twitter:label2\" content=\"Est. reading time\" \/>\n\t<meta name=\"twitter:data2\" content=\"2 minutes\" \/>\n<script type=\"application\/ld+json\" class=\"yoast-schema-graph\">{\"@context\":\"https:\/\/schema.org\",\"@graph\":[{\"@type\":\"Article\",\"@id\":\"https:\/\/www.epcc.ee\/en\/2015\/09\/carlo-gesualdo\/#article\",\"isPartOf\":{\"@id\":\"https:\/\/www.epcc.ee\/en\/2015\/09\/carlo-gesualdo\/\"},\"author\":{\"name\":\"epcc\",\"@id\":\"https:\/\/www.epcc.ee\/#\/schema\/person\/c7335228c20d567fa07b901fe5ca1e95\"},\"headline\":\"Carlo Gesualdo\",\"datePublished\":\"2015-09-29T08:32:46+00:00\",\"mainEntityOfPage\":{\"@id\":\"https:\/\/www.epcc.ee\/en\/2015\/09\/carlo-gesualdo\/\"},\"wordCount\":500,\"publisher\":{\"@id\":\"https:\/\/www.epcc.ee\/#organization\"},\"articleSection\":[\"Media\"],\"inLanguage\":\"en-US\"},{\"@type\":\"WebPage\",\"@id\":\"https:\/\/www.epcc.ee\/en\/2015\/09\/carlo-gesualdo\/\",\"url\":\"https:\/\/www.epcc.ee\/en\/2015\/09\/carlo-gesualdo\/\",\"name\":\"Carlo Gesualdo - Estonian Philharmonic Chamber Choir\",\"isPartOf\":{\"@id\":\"https:\/\/www.epcc.ee\/#website\"},\"datePublished\":\"2015-09-29T08:32:46+00:00\",\"breadcrumb\":{\"@id\":\"https:\/\/www.epcc.ee\/en\/2015\/09\/carlo-gesualdo\/#breadcrumb\"},\"inLanguage\":\"en-US\",\"potentialAction\":[{\"@type\":\"ReadAction\",\"target\":[\"https:\/\/www.epcc.ee\/en\/2015\/09\/carlo-gesualdo\/\"]}]},{\"@type\":\"BreadcrumbList\",\"@id\":\"https:\/\/www.epcc.ee\/en\/2015\/09\/carlo-gesualdo\/#breadcrumb\",\"itemListElement\":[{\"@type\":\"ListItem\",\"position\":1,\"name\":\"Home\",\"item\":\"https:\/\/www.epcc.ee\/\"},{\"@type\":\"ListItem\",\"position\":2,\"name\":\"Carlo Gesualdo\"}]},{\"@type\":\"WebSite\",\"@id\":\"https:\/\/www.epcc.ee\/#website\",\"url\":\"https:\/\/www.epcc.ee\/\",\"name\":\"Eesti Filharmoonia Kammerkoor\",\"description\":\"\",\"publisher\":{\"@id\":\"https:\/\/www.epcc.ee\/#organization\"},\"potentialAction\":[{\"@type\":\"SearchAction\",\"target\":{\"@type\":\"EntryPoint\",\"urlTemplate\":\"https:\/\/www.epcc.ee\/?s={search_term_string}\"},\"query-input\":{\"@type\":\"PropertyValueSpecification\",\"valueRequired\":true,\"valueName\":\"search_term_string\"}}],\"inLanguage\":\"en-US\"},{\"@type\":\"Organization\",\"@id\":\"https:\/\/www.epcc.ee\/#organization\",\"name\":\"Eesti Filharmoonia Kammerkoor\",\"url\":\"https:\/\/www.epcc.ee\/\",\"logo\":{\"@type\":\"ImageObject\",\"inLanguage\":\"en-US\",\"@id\":\"https:\/\/www.epcc.ee\/#\/schema\/logo\/image\/\",\"url\":\"https:\/\/www.epcc.ee\/wp-content\/uploads\/2020\/10\/EFK-logo-2020-est-RGB-png.png\",\"contentUrl\":\"https:\/\/www.epcc.ee\/wp-content\/uploads\/2020\/10\/EFK-logo-2020-est-RGB-png.png\",\"width\":866,\"height\":247,\"caption\":\"Eesti Filharmoonia Kammerkoor\"},\"image\":{\"@id\":\"https:\/\/www.epcc.ee\/#\/schema\/logo\/image\/\"},\"sameAs\":[\"https:\/\/www.facebook.com\/kammerkoor\/\",\"https:\/\/www.youtube.com\/user\/epccclassics\"]},{\"@type\":\"Person\",\"@id\":\"https:\/\/www.epcc.ee\/#\/schema\/person\/c7335228c20d567fa07b901fe5ca1e95\",\"name\":\"epcc\",\"image\":{\"@type\":\"ImageObject\",\"inLanguage\":\"en-US\",\"@id\":\"https:\/\/www.epcc.ee\/#\/schema\/person\/image\/\",\"url\":\"https:\/\/secure.gravatar.com\/avatar\/82c79155df3c5b578b02bfa991733320?s=96&d=blank&r=g\",\"contentUrl\":\"https:\/\/secure.gravatar.com\/avatar\/82c79155df3c5b578b02bfa991733320?s=96&d=blank&r=g\",\"caption\":\"epcc\"}}]}<\/script>\n<!-- \/ Yoast SEO plugin. -->","yoast_head_json":{"title":"Carlo Gesualdo - Estonian Philharmonic Chamber Choir","robots":{"index":"index","follow":"follow","max-snippet":"max-snippet:-1","max-image-preview":"max-image-preview:large","max-video-preview":"max-video-preview:-1"},"canonical":"https:\/\/www.epcc.ee\/en\/2015\/09\/carlo-gesualdo\/","og_locale":"en_US","og_type":"article","og_title":"Carlo Gesualdo - Estonian Philharmonic Chamber Choir","og_description":"T\u00edtol: Gesualdo Autor: Erkki-SvenT\u00fc\u00fcr, Brett Dean, Carlo Gesualdo de Venosa Int\u00e8rprets:Estonian Philharmonic Chamber Choir Tallinn Chamber Orchestra Direcci\u00f3:T\u00f5nu Kaljuste Segell discogr\u00e0fic: ECM records &nbsp; GesualdoEl febrer de 2014 es va enregistrar, a la Tallinn Methodist Church, un nou disc d\u2019ECM Records dedicat a la figura del compositor itali\u00e0 Carlo Gesualdo de Venosa (1566-1613). L\u2019emotiva interpretaci\u00f3 [&hellip;]","og_url":"https:\/\/www.epcc.ee\/en\/2015\/09\/carlo-gesualdo\/","og_site_name":"Estonian Philharmonic Chamber Choir","article_publisher":"https:\/\/www.facebook.com\/kammerkoor\/","article_published_time":"2015-09-29T08:32:46+00:00","og_image":[{"width":1920,"height":720,"url":"https:\/\/www.epcc.ee\/wp-content\/uploads\/2015\/05\/home_katlas.jpg","type":"image\/jpeg"}],"author":"epcc","twitter_card":"summary_large_image","twitter_misc":{"Written by":"epcc","Est. reading time":"2 minutes"},"schema":{"@context":"https:\/\/schema.org","@graph":[{"@type":"Article","@id":"https:\/\/www.epcc.ee\/en\/2015\/09\/carlo-gesualdo\/#article","isPartOf":{"@id":"https:\/\/www.epcc.ee\/en\/2015\/09\/carlo-gesualdo\/"},"author":{"name":"epcc","@id":"https:\/\/www.epcc.ee\/#\/schema\/person\/c7335228c20d567fa07b901fe5ca1e95"},"headline":"Carlo Gesualdo","datePublished":"2015-09-29T08:32:46+00:00","mainEntityOfPage":{"@id":"https:\/\/www.epcc.ee\/en\/2015\/09\/carlo-gesualdo\/"},"wordCount":500,"publisher":{"@id":"https:\/\/www.epcc.ee\/#organization"},"articleSection":["Media"],"inLanguage":"en-US"},{"@type":"WebPage","@id":"https:\/\/www.epcc.ee\/en\/2015\/09\/carlo-gesualdo\/","url":"https:\/\/www.epcc.ee\/en\/2015\/09\/carlo-gesualdo\/","name":"Carlo Gesualdo - Estonian Philharmonic Chamber Choir","isPartOf":{"@id":"https:\/\/www.epcc.ee\/#website"},"datePublished":"2015-09-29T08:32:46+00:00","breadcrumb":{"@id":"https:\/\/www.epcc.ee\/en\/2015\/09\/carlo-gesualdo\/#breadcrumb"},"inLanguage":"en-US","potentialAction":[{"@type":"ReadAction","target":["https:\/\/www.epcc.ee\/en\/2015\/09\/carlo-gesualdo\/"]}]},{"@type":"BreadcrumbList","@id":"https:\/\/www.epcc.ee\/en\/2015\/09\/carlo-gesualdo\/#breadcrumb","itemListElement":[{"@type":"ListItem","position":1,"name":"Home","item":"https:\/\/www.epcc.ee\/"},{"@type":"ListItem","position":2,"name":"Carlo Gesualdo"}]},{"@type":"WebSite","@id":"https:\/\/www.epcc.ee\/#website","url":"https:\/\/www.epcc.ee\/","name":"Eesti Filharmoonia Kammerkoor","description":"","publisher":{"@id":"https:\/\/www.epcc.ee\/#organization"},"potentialAction":[{"@type":"SearchAction","target":{"@type":"EntryPoint","urlTemplate":"https:\/\/www.epcc.ee\/?s={search_term_string}"},"query-input":{"@type":"PropertyValueSpecification","valueRequired":true,"valueName":"search_term_string"}}],"inLanguage":"en-US"},{"@type":"Organization","@id":"https:\/\/www.epcc.ee\/#organization","name":"Eesti Filharmoonia Kammerkoor","url":"https:\/\/www.epcc.ee\/","logo":{"@type":"ImageObject","inLanguage":"en-US","@id":"https:\/\/www.epcc.ee\/#\/schema\/logo\/image\/","url":"https:\/\/www.epcc.ee\/wp-content\/uploads\/2020\/10\/EFK-logo-2020-est-RGB-png.png","contentUrl":"https:\/\/www.epcc.ee\/wp-content\/uploads\/2020\/10\/EFK-logo-2020-est-RGB-png.png","width":866,"height":247,"caption":"Eesti Filharmoonia Kammerkoor"},"image":{"@id":"https:\/\/www.epcc.ee\/#\/schema\/logo\/image\/"},"sameAs":["https:\/\/www.facebook.com\/kammerkoor\/","https:\/\/www.youtube.com\/user\/epccclassics"]},{"@type":"Person","@id":"https:\/\/www.epcc.ee\/#\/schema\/person\/c7335228c20d567fa07b901fe5ca1e95","name":"epcc","image":{"@type":"ImageObject","inLanguage":"en-US","@id":"https:\/\/www.epcc.ee\/#\/schema\/person\/image\/","url":"https:\/\/secure.gravatar.com\/avatar\/82c79155df3c5b578b02bfa991733320?s=96&d=blank&r=g","contentUrl":"https:\/\/secure.gravatar.com\/avatar\/82c79155df3c5b578b02bfa991733320?s=96&d=blank&r=g","caption":"epcc"}}]}},"_links":{"self":[{"href":"https:\/\/www.epcc.ee\/en\/wp-json\/wp\/v2\/posts\/7949","targetHints":{"allow":["GET"]}}],"collection":[{"href":"https:\/\/www.epcc.ee\/en\/wp-json\/wp\/v2\/posts"}],"about":[{"href":"https:\/\/www.epcc.ee\/en\/wp-json\/wp\/v2\/types\/post"}],"author":[{"embeddable":true,"href":"https:\/\/www.epcc.ee\/en\/wp-json\/wp\/v2\/users\/2"}],"replies":[{"embeddable":true,"href":"https:\/\/www.epcc.ee\/en\/wp-json\/wp\/v2\/comments?post=7949"}],"version-history":[{"count":0,"href":"https:\/\/www.epcc.ee\/en\/wp-json\/wp\/v2\/posts\/7949\/revisions"}],"wp:attachment":[{"href":"https:\/\/www.epcc.ee\/en\/wp-json\/wp\/v2\/media?parent=7949"}],"wp:term":[{"taxonomy":"category","embeddable":true,"href":"https:\/\/www.epcc.ee\/en\/wp-json\/wp\/v2\/categories?post=7949"},{"taxonomy":"post_tag","embeddable":true,"href":"https:\/\/www.epcc.ee\/en\/wp-json\/wp\/v2\/tags?post=7949"}],"curies":[{"name":"wp","href":"https:\/\/api.w.org\/{rel}","templated":true}]}}