{"id":77,"date":"2004-09-08T00:00:00","date_gmt":"2004-09-08T00:00:00","guid":{"rendered":"http:\/\/www.kuvaja.ee\/projektid\/epcc_web\/?p=news42"},"modified":"2017-05-23T17:39:39","modified_gmt":"2017-05-23T14:39:39","slug":"press-release-epcc-and-children","status":"publish","type":"post","link":"https:\/\/www.epcc.ee\/en\/2004\/09\/press-release-epcc-and-children\/","title":{"rendered":"Press release &#8211; EPCC and children"},"content":{"rendered":"<p><H2 style=\"MARGIN: 0in 0in 0pt\"><SPAN lang=ET><U><FONT size=2>Estonian Philharmonic Chamber Choir at the Arvo P\u00e4rt Festival in Italy<\/FONT><\/U><\/SPAN><\/H2><br \/>\n<P class=MsoNormal style=\"MARGIN: 0in 0in 0pt\"><SPAN lang=ET style=\"FONT-SIZE: 10pt; FONT-FAMILY: Verdana; mso-bidi-font-size: 12.0pt\">&nbsp;<?xml:namespace prefix = o ns = \"urn:schemas-microsoft-com:office:office\" \/><o:p><\/o:p><\/SPAN><\/P><SPAN lang=ET style=\"FONT-SIZE: 10pt; FONT-FAMILY: Verdana; mso-bidi-font-family: 'Times New Roman'; mso-bidi-font-size: 12.0pt; mso-fareast-font-family: 'Times New Roman'; mso-ansi-language: ET; mso-fareast-language: EN-US; mso-bidi-language: AR-SA\">EPCC gave their first performance on Monday at the Torino Settembre Musica Festival which is dedicated to the music of Arvo P\u00e4rt. T\u00f5nu Kaljuste conducted P\u00e4rt&#8217;s In Principio at the Church of Torino San Filippo. EPCC and the Torino RAI orchestra recieved overwhelmingly warm and long-lasting ovations from an audience of almost 1500 listeners. Kaljuste and EPCC will give concerts of P\u00e4rt&#8217;s Te Deum with Tallinn Chamber Orchestra and the composer&#8217;s magnum opus Kanon Pokajanen. Paul Hillier will conduct P\u00e4rt&#8217;s Miserere with the EPCC and the Hilliard Ensemble. EPCC will give performances with Paul Hillier conducting also in Perugia and Milano. The new concert season will be opened on October 1st, International Day of Music in Rakvere, Estonia.<\/SPAN><\/p>\n","protected":false},"excerpt":{"rendered":"<p>Estonian Philharmonic Chamber Choir at the Arvo P\u00e4rt Festival in Italy &nbsp;EPCC gave their first performance on Monday at the Torino Settembre Musica Festival which is dedicated to the music of Arvo P\u00e4rt. T\u00f5nu Kaljuste conducted P\u00e4rt&#8217;s In Principio at the Church of Torino San Filippo. EPCC and the Torino RAI orchestra recieved overwhelmingly warm [&hellip;]<\/p>\n","protected":false},"author":2,"featured_media":0,"comment_status":"closed","ping_status":"closed","sticky":false,"template":"","format":"standard","meta":{"_acf_changed":false,"footnotes":""},"categories":[6],"tags":[],"class_list":["post-77","post","type-post","status-publish","format-standard","hentry","category-uudised"],"acf":[],"yoast_head":"<!-- This site is optimized with the Yoast SEO plugin v26.3 - https:\/\/yoast.com\/wordpress\/plugins\/seo\/ -->\n<title>Press release - EPCC and children - Estonian Philharmonic Chamber Choir<\/title>\n<meta name=\"robots\" content=\"index, follow, max-snippet:-1, max-image-preview:large, max-video-preview:-1\" \/>\n<link rel=\"canonical\" href=\"https:\/\/www.epcc.ee\/en\/2004\/09\/press-release-epcc-and-children\/\" \/>\n<meta property=\"og:locale\" content=\"en_US\" \/>\n<meta property=\"og:type\" content=\"article\" \/>\n<meta property=\"og:title\" content=\"Press release - EPCC and children - Estonian Philharmonic Chamber Choir\" \/>\n<meta property=\"og:description\" content=\"Estonian Philharmonic Chamber Choir at the Arvo P\u00e4rt Festival in Italy &nbsp;EPCC gave their first performance on Monday at the Torino Settembre Musica Festival which is dedicated to the music of Arvo P\u00e4rt. T\u00f5nu Kaljuste conducted P\u00e4rt&#8217;s In Principio at the Church of Torino San Filippo. EPCC and the Torino RAI orchestra recieved overwhelmingly warm [&hellip;]\" \/>\n<meta property=\"og:url\" content=\"https:\/\/www.epcc.ee\/en\/2004\/09\/press-release-epcc-and-children\/\" \/>\n<meta property=\"og:site_name\" content=\"Estonian Philharmonic Chamber Choir\" \/>\n<meta property=\"article:publisher\" content=\"https:\/\/www.facebook.com\/kammerkoor\/\" \/>\n<meta property=\"article:published_time\" content=\"2004-09-08T00:00:00+00:00\" \/>\n<meta property=\"article:modified_time\" content=\"2017-05-23T14:39:39+00:00\" \/>\n<meta property=\"og:image\" content=\"https:\/\/www.epcc.ee\/wp-content\/uploads\/2015\/05\/home_katlas.jpg\" \/>\n\t<meta property=\"og:image:width\" content=\"1920\" \/>\n\t<meta property=\"og:image:height\" content=\"720\" \/>\n\t<meta property=\"og:image:type\" content=\"image\/jpeg\" \/>\n<meta name=\"author\" content=\"epcc\" \/>\n<meta name=\"twitter:card\" content=\"summary_large_image\" \/>\n<meta name=\"twitter:label1\" content=\"Written by\" \/>\n\t<meta name=\"twitter:data1\" content=\"epcc\" \/>\n\t<meta name=\"twitter:label2\" content=\"Est. reading time\" \/>\n\t<meta name=\"twitter:data2\" content=\"1 minute\" \/>\n<script type=\"application\/ld+json\" class=\"yoast-schema-graph\">{\"@context\":\"https:\/\/schema.org\",\"@graph\":[{\"@type\":\"Article\",\"@id\":\"https:\/\/www.epcc.ee\/en\/2004\/09\/press-release-epcc-and-children\/#article\",\"isPartOf\":{\"@id\":\"https:\/\/www.epcc.ee\/en\/2004\/09\/press-release-epcc-and-children\/\"},\"author\":{\"name\":\"epcc\",\"@id\":\"https:\/\/www.epcc.ee\/#\/schema\/person\/c7335228c20d567fa07b901fe5ca1e95\"},\"headline\":\"Press release &#8211; EPCC and children\",\"datePublished\":\"2004-09-08T00:00:00+00:00\",\"dateModified\":\"2017-05-23T14:39:39+00:00\",\"mainEntityOfPage\":{\"@id\":\"https:\/\/www.epcc.ee\/en\/2004\/09\/press-release-epcc-and-children\/\"},\"wordCount\":145,\"publisher\":{\"@id\":\"https:\/\/www.epcc.ee\/#organization\"},\"articleSection\":[\"Uudised\"],\"inLanguage\":\"en-US\"},{\"@type\":\"WebPage\",\"@id\":\"https:\/\/www.epcc.ee\/en\/2004\/09\/press-release-epcc-and-children\/\",\"url\":\"https:\/\/www.epcc.ee\/en\/2004\/09\/press-release-epcc-and-children\/\",\"name\":\"Press release - EPCC and children - Estonian Philharmonic Chamber Choir\",\"isPartOf\":{\"@id\":\"https:\/\/www.epcc.ee\/#website\"},\"datePublished\":\"2004-09-08T00:00:00+00:00\",\"dateModified\":\"2017-05-23T14:39:39+00:00\",\"breadcrumb\":{\"@id\":\"https:\/\/www.epcc.ee\/en\/2004\/09\/press-release-epcc-and-children\/#breadcrumb\"},\"inLanguage\":\"en-US\",\"potentialAction\":[{\"@type\":\"ReadAction\",\"target\":[\"https:\/\/www.epcc.ee\/en\/2004\/09\/press-release-epcc-and-children\/\"]}]},{\"@type\":\"BreadcrumbList\",\"@id\":\"https:\/\/www.epcc.ee\/en\/2004\/09\/press-release-epcc-and-children\/#breadcrumb\",\"itemListElement\":[{\"@type\":\"ListItem\",\"position\":1,\"name\":\"Home\",\"item\":\"https:\/\/www.epcc.ee\/\"},{\"@type\":\"ListItem\",\"position\":2,\"name\":\"Press release &#8211; EPCC and children\"}]},{\"@type\":\"WebSite\",\"@id\":\"https:\/\/www.epcc.ee\/#website\",\"url\":\"https:\/\/www.epcc.ee\/\",\"name\":\"Eesti Filharmoonia Kammerkoor\",\"description\":\"\",\"publisher\":{\"@id\":\"https:\/\/www.epcc.ee\/#organization\"},\"potentialAction\":[{\"@type\":\"SearchAction\",\"target\":{\"@type\":\"EntryPoint\",\"urlTemplate\":\"https:\/\/www.epcc.ee\/?s={search_term_string}\"},\"query-input\":{\"@type\":\"PropertyValueSpecification\",\"valueRequired\":true,\"valueName\":\"search_term_string\"}}],\"inLanguage\":\"en-US\"},{\"@type\":\"Organization\",\"@id\":\"https:\/\/www.epcc.ee\/#organization\",\"name\":\"Eesti Filharmoonia Kammerkoor\",\"url\":\"https:\/\/www.epcc.ee\/\",\"logo\":{\"@type\":\"ImageObject\",\"inLanguage\":\"en-US\",\"@id\":\"https:\/\/www.epcc.ee\/#\/schema\/logo\/image\/\",\"url\":\"https:\/\/www.epcc.ee\/wp-content\/uploads\/2020\/10\/EFK-logo-2020-est-RGB-png.png\",\"contentUrl\":\"https:\/\/www.epcc.ee\/wp-content\/uploads\/2020\/10\/EFK-logo-2020-est-RGB-png.png\",\"width\":866,\"height\":247,\"caption\":\"Eesti Filharmoonia Kammerkoor\"},\"image\":{\"@id\":\"https:\/\/www.epcc.ee\/#\/schema\/logo\/image\/\"},\"sameAs\":[\"https:\/\/www.facebook.com\/kammerkoor\/\",\"https:\/\/www.youtube.com\/user\/epccclassics\"]},{\"@type\":\"Person\",\"@id\":\"https:\/\/www.epcc.ee\/#\/schema\/person\/c7335228c20d567fa07b901fe5ca1e95\",\"name\":\"epcc\",\"image\":{\"@type\":\"ImageObject\",\"inLanguage\":\"en-US\",\"@id\":\"https:\/\/www.epcc.ee\/#\/schema\/person\/image\/\",\"url\":\"https:\/\/secure.gravatar.com\/avatar\/82c79155df3c5b578b02bfa991733320?s=96&d=blank&r=g\",\"contentUrl\":\"https:\/\/secure.gravatar.com\/avatar\/82c79155df3c5b578b02bfa991733320?s=96&d=blank&r=g\",\"caption\":\"epcc\"}}]}<\/script>\n<!-- \/ Yoast SEO plugin. -->","yoast_head_json":{"title":"Press release - EPCC and children - Estonian Philharmonic Chamber Choir","robots":{"index":"index","follow":"follow","max-snippet":"max-snippet:-1","max-image-preview":"max-image-preview:large","max-video-preview":"max-video-preview:-1"},"canonical":"https:\/\/www.epcc.ee\/en\/2004\/09\/press-release-epcc-and-children\/","og_locale":"en_US","og_type":"article","og_title":"Press release - EPCC and children - Estonian Philharmonic Chamber Choir","og_description":"Estonian Philharmonic Chamber Choir at the Arvo P\u00e4rt Festival in Italy &nbsp;EPCC gave their first performance on Monday at the Torino Settembre Musica Festival which is dedicated to the music of Arvo P\u00e4rt. T\u00f5nu Kaljuste conducted P\u00e4rt&#8217;s In Principio at the Church of Torino San Filippo. EPCC and the Torino RAI orchestra recieved overwhelmingly warm [&hellip;]","og_url":"https:\/\/www.epcc.ee\/en\/2004\/09\/press-release-epcc-and-children\/","og_site_name":"Estonian Philharmonic Chamber Choir","article_publisher":"https:\/\/www.facebook.com\/kammerkoor\/","article_published_time":"2004-09-08T00:00:00+00:00","article_modified_time":"2017-05-23T14:39:39+00:00","og_image":[{"width":1920,"height":720,"url":"https:\/\/www.epcc.ee\/wp-content\/uploads\/2015\/05\/home_katlas.jpg","type":"image\/jpeg"}],"author":"epcc","twitter_card":"summary_large_image","twitter_misc":{"Written by":"epcc","Est. reading time":"1 minute"},"schema":{"@context":"https:\/\/schema.org","@graph":[{"@type":"Article","@id":"https:\/\/www.epcc.ee\/en\/2004\/09\/press-release-epcc-and-children\/#article","isPartOf":{"@id":"https:\/\/www.epcc.ee\/en\/2004\/09\/press-release-epcc-and-children\/"},"author":{"name":"epcc","@id":"https:\/\/www.epcc.ee\/#\/schema\/person\/c7335228c20d567fa07b901fe5ca1e95"},"headline":"Press release &#8211; EPCC and children","datePublished":"2004-09-08T00:00:00+00:00","dateModified":"2017-05-23T14:39:39+00:00","mainEntityOfPage":{"@id":"https:\/\/www.epcc.ee\/en\/2004\/09\/press-release-epcc-and-children\/"},"wordCount":145,"publisher":{"@id":"https:\/\/www.epcc.ee\/#organization"},"articleSection":["Uudised"],"inLanguage":"en-US"},{"@type":"WebPage","@id":"https:\/\/www.epcc.ee\/en\/2004\/09\/press-release-epcc-and-children\/","url":"https:\/\/www.epcc.ee\/en\/2004\/09\/press-release-epcc-and-children\/","name":"Press release - EPCC and children - Estonian Philharmonic Chamber Choir","isPartOf":{"@id":"https:\/\/www.epcc.ee\/#website"},"datePublished":"2004-09-08T00:00:00+00:00","dateModified":"2017-05-23T14:39:39+00:00","breadcrumb":{"@id":"https:\/\/www.epcc.ee\/en\/2004\/09\/press-release-epcc-and-children\/#breadcrumb"},"inLanguage":"en-US","potentialAction":[{"@type":"ReadAction","target":["https:\/\/www.epcc.ee\/en\/2004\/09\/press-release-epcc-and-children\/"]}]},{"@type":"BreadcrumbList","@id":"https:\/\/www.epcc.ee\/en\/2004\/09\/press-release-epcc-and-children\/#breadcrumb","itemListElement":[{"@type":"ListItem","position":1,"name":"Home","item":"https:\/\/www.epcc.ee\/"},{"@type":"ListItem","position":2,"name":"Press release &#8211; EPCC and children"}]},{"@type":"WebSite","@id":"https:\/\/www.epcc.ee\/#website","url":"https:\/\/www.epcc.ee\/","name":"Eesti Filharmoonia Kammerkoor","description":"","publisher":{"@id":"https:\/\/www.epcc.ee\/#organization"},"potentialAction":[{"@type":"SearchAction","target":{"@type":"EntryPoint","urlTemplate":"https:\/\/www.epcc.ee\/?s={search_term_string}"},"query-input":{"@type":"PropertyValueSpecification","valueRequired":true,"valueName":"search_term_string"}}],"inLanguage":"en-US"},{"@type":"Organization","@id":"https:\/\/www.epcc.ee\/#organization","name":"Eesti Filharmoonia Kammerkoor","url":"https:\/\/www.epcc.ee\/","logo":{"@type":"ImageObject","inLanguage":"en-US","@id":"https:\/\/www.epcc.ee\/#\/schema\/logo\/image\/","url":"https:\/\/www.epcc.ee\/wp-content\/uploads\/2020\/10\/EFK-logo-2020-est-RGB-png.png","contentUrl":"https:\/\/www.epcc.ee\/wp-content\/uploads\/2020\/10\/EFK-logo-2020-est-RGB-png.png","width":866,"height":247,"caption":"Eesti Filharmoonia Kammerkoor"},"image":{"@id":"https:\/\/www.epcc.ee\/#\/schema\/logo\/image\/"},"sameAs":["https:\/\/www.facebook.com\/kammerkoor\/","https:\/\/www.youtube.com\/user\/epccclassics"]},{"@type":"Person","@id":"https:\/\/www.epcc.ee\/#\/schema\/person\/c7335228c20d567fa07b901fe5ca1e95","name":"epcc","image":{"@type":"ImageObject","inLanguage":"en-US","@id":"https:\/\/www.epcc.ee\/#\/schema\/person\/image\/","url":"https:\/\/secure.gravatar.com\/avatar\/82c79155df3c5b578b02bfa991733320?s=96&d=blank&r=g","contentUrl":"https:\/\/secure.gravatar.com\/avatar\/82c79155df3c5b578b02bfa991733320?s=96&d=blank&r=g","caption":"epcc"}}]}},"_links":{"self":[{"href":"https:\/\/www.epcc.ee\/en\/wp-json\/wp\/v2\/posts\/77","targetHints":{"allow":["GET"]}}],"collection":[{"href":"https:\/\/www.epcc.ee\/en\/wp-json\/wp\/v2\/posts"}],"about":[{"href":"https:\/\/www.epcc.ee\/en\/wp-json\/wp\/v2\/types\/post"}],"author":[{"embeddable":true,"href":"https:\/\/www.epcc.ee\/en\/wp-json\/wp\/v2\/users\/2"}],"replies":[{"embeddable":true,"href":"https:\/\/www.epcc.ee\/en\/wp-json\/wp\/v2\/comments?post=77"}],"version-history":[{"count":0,"href":"https:\/\/www.epcc.ee\/en\/wp-json\/wp\/v2\/posts\/77\/revisions"}],"wp:attachment":[{"href":"https:\/\/www.epcc.ee\/en\/wp-json\/wp\/v2\/media?parent=77"}],"wp:term":[{"taxonomy":"category","embeddable":true,"href":"https:\/\/www.epcc.ee\/en\/wp-json\/wp\/v2\/categories?post=77"},{"taxonomy":"post_tag","embeddable":true,"href":"https:\/\/www.epcc.ee\/en\/wp-json\/wp\/v2\/tags?post=77"}],"curies":[{"name":"wp","href":"https:\/\/api.w.org\/{rel}","templated":true}]}}