{"id":7476,"date":"2015-03-23T13:14:04","date_gmt":"2015-03-23T10:14:04","guid":{"rendered":"https:\/\/www.epcc.ee\/2015\/03\/efk-alustas-turneed-saksamaal-ja-itaalias-2\/"},"modified":"2017-05-23T17:36:12","modified_gmt":"2017-05-23T14:36:12","slug":"epcc-touring-in-germany-and-italy","status":"publish","type":"post","link":"https:\/\/www.epcc.ee\/en\/2015\/03\/epcc-touring-in-germany-and-italy\/","title":{"rendered":"EPCC touring in Germany and Italy"},"content":{"rendered":"<p>In March EPCC will have two tours, the first in Germany, the other in Italy.\u00a0From 25 to 27 March the choir gives concerts together with W\u00fcrttemberg Chamber Orchestra under Gottfried von der Goltz. The programme includes Erkki Sven T\u00fc\u00fcr\u2019s Flamma, Arvo P\u00e4rt\u2019s Adam&#8217;s Lament and Franz Joseph Haydn\u2019s Mass in D minor &#8220;Nelson Messe&#8221;. The soloist cast includes Hanna-Elisabeth M\u00fcller (soprano), Sibylla Maria M\u00fcller (mezzo-soprano), Daniel Kluge (tenor), Andreas H\u00f6rl (bass)<br \/>\nThe concerts will take place:<br \/>\n25.03 Theodor-Heuss-Saal, Konzert- und Kongresszentrum Harmonie, Heilbronn<br \/>\n26.03 Dortmund Konzerthaus<br \/>\n27.03 Ulm Kornhaus<\/p>\n<p>Look for more: www.wko-heilbronn.de<\/p>\n<p>From 29 to 31 March EPCC will give concerts with its chief conductor Kaspars Putnin\u0161 in Italy with Sergey Rachmaninov\u2019s All-Night Vigil, Op 37.<br \/>\nThe concert will take place:<br \/>\n29.03 in Duomo, Merano<br \/>\n30.03 in in Sala della Societa Filarmonica, Trento<br \/>\n31.03 in Duomo, Bressanone<\/p>\n","protected":false},"excerpt":{"rendered":"<p>In March EPCC will have two tours, the first in Germany, the other in Italy.\u00a0From 25 to 27 March the choir gives concerts together with W\u00fcrttemberg Chamber Orchestra under Gottfried von der Goltz. The programme includes Erkki Sven T\u00fc\u00fcr\u2019s Flamma, Arvo P\u00e4rt\u2019s Adam&#8217;s Lament and Franz Joseph Haydn\u2019s Mass in D minor &#8220;Nelson Messe&#8221;. The [&hellip;]<\/p>\n","protected":false},"author":2,"featured_media":0,"comment_status":"closed","ping_status":"open","sticky":false,"template":"","format":"standard","meta":{"_acf_changed":false,"footnotes":""},"categories":[7],"tags":[],"class_list":["post-7476","post","type-post","status-publish","format-standard","hentry","category-news"],"acf":[],"yoast_head":"<!-- This site is optimized with the Yoast SEO plugin v26.3 - https:\/\/yoast.com\/wordpress\/plugins\/seo\/ -->\n<title>EPCC touring in Germany and Italy - Estonian Philharmonic Chamber Choir<\/title>\n<meta name=\"robots\" content=\"index, follow, max-snippet:-1, max-image-preview:large, max-video-preview:-1\" \/>\n<link rel=\"canonical\" href=\"https:\/\/www.epcc.ee\/en\/2015\/03\/epcc-touring-in-germany-and-italy\/\" \/>\n<meta property=\"og:locale\" content=\"en_US\" \/>\n<meta property=\"og:type\" content=\"article\" \/>\n<meta property=\"og:title\" content=\"EPCC touring in Germany and Italy - Estonian Philharmonic Chamber Choir\" \/>\n<meta property=\"og:description\" content=\"In March EPCC will have two tours, the first in Germany, the other in Italy.\u00a0From 25 to 27 March the choir gives concerts together with W\u00fcrttemberg Chamber Orchestra under Gottfried von der Goltz. The programme includes Erkki Sven T\u00fc\u00fcr\u2019s Flamma, Arvo P\u00e4rt\u2019s Adam&#8217;s Lament and Franz Joseph Haydn\u2019s Mass in D minor &#8220;Nelson Messe&#8221;. The [&hellip;]\" \/>\n<meta property=\"og:url\" content=\"https:\/\/www.epcc.ee\/en\/2015\/03\/epcc-touring-in-germany-and-italy\/\" \/>\n<meta property=\"og:site_name\" content=\"Estonian Philharmonic Chamber Choir\" \/>\n<meta property=\"article:publisher\" content=\"https:\/\/www.facebook.com\/kammerkoor\/\" \/>\n<meta property=\"article:published_time\" content=\"2015-03-23T10:14:04+00:00\" \/>\n<meta property=\"article:modified_time\" content=\"2017-05-23T14:36:12+00:00\" \/>\n<meta property=\"og:image\" content=\"https:\/\/www.epcc.ee\/wp-content\/uploads\/2015\/05\/home_katlas.jpg\" \/>\n\t<meta property=\"og:image:width\" content=\"1920\" \/>\n\t<meta property=\"og:image:height\" content=\"720\" \/>\n\t<meta property=\"og:image:type\" content=\"image\/jpeg\" \/>\n<meta name=\"author\" content=\"epcc\" \/>\n<meta name=\"twitter:card\" content=\"summary_large_image\" \/>\n<meta name=\"twitter:label1\" content=\"Written by\" \/>\n\t<meta name=\"twitter:data1\" content=\"epcc\" \/>\n\t<meta name=\"twitter:label2\" content=\"Est. reading time\" \/>\n\t<meta name=\"twitter:data2\" content=\"1 minute\" \/>\n<script type=\"application\/ld+json\" class=\"yoast-schema-graph\">{\"@context\":\"https:\/\/schema.org\",\"@graph\":[{\"@type\":\"Article\",\"@id\":\"https:\/\/www.epcc.ee\/en\/2015\/03\/epcc-touring-in-germany-and-italy\/#article\",\"isPartOf\":{\"@id\":\"https:\/\/www.epcc.ee\/en\/2015\/03\/epcc-touring-in-germany-and-italy\/\"},\"author\":{\"name\":\"epcc\",\"@id\":\"https:\/\/www.epcc.ee\/#\/schema\/person\/c7335228c20d567fa07b901fe5ca1e95\"},\"headline\":\"EPCC touring in Germany and Italy\",\"datePublished\":\"2015-03-23T10:14:04+00:00\",\"dateModified\":\"2017-05-23T14:36:12+00:00\",\"mainEntityOfPage\":{\"@id\":\"https:\/\/www.epcc.ee\/en\/2015\/03\/epcc-touring-in-germany-and-italy\/\"},\"wordCount\":147,\"publisher\":{\"@id\":\"https:\/\/www.epcc.ee\/#organization\"},\"articleSection\":[\"News\"],\"inLanguage\":\"en-US\"},{\"@type\":\"WebPage\",\"@id\":\"https:\/\/www.epcc.ee\/en\/2015\/03\/epcc-touring-in-germany-and-italy\/\",\"url\":\"https:\/\/www.epcc.ee\/en\/2015\/03\/epcc-touring-in-germany-and-italy\/\",\"name\":\"EPCC touring in Germany and Italy - Estonian Philharmonic Chamber Choir\",\"isPartOf\":{\"@id\":\"https:\/\/www.epcc.ee\/#website\"},\"datePublished\":\"2015-03-23T10:14:04+00:00\",\"dateModified\":\"2017-05-23T14:36:12+00:00\",\"breadcrumb\":{\"@id\":\"https:\/\/www.epcc.ee\/en\/2015\/03\/epcc-touring-in-germany-and-italy\/#breadcrumb\"},\"inLanguage\":\"en-US\",\"potentialAction\":[{\"@type\":\"ReadAction\",\"target\":[\"https:\/\/www.epcc.ee\/en\/2015\/03\/epcc-touring-in-germany-and-italy\/\"]}]},{\"@type\":\"BreadcrumbList\",\"@id\":\"https:\/\/www.epcc.ee\/en\/2015\/03\/epcc-touring-in-germany-and-italy\/#breadcrumb\",\"itemListElement\":[{\"@type\":\"ListItem\",\"position\":1,\"name\":\"Home\",\"item\":\"https:\/\/www.epcc.ee\/\"},{\"@type\":\"ListItem\",\"position\":2,\"name\":\"EPCC touring in Germany and Italy\"}]},{\"@type\":\"WebSite\",\"@id\":\"https:\/\/www.epcc.ee\/#website\",\"url\":\"https:\/\/www.epcc.ee\/\",\"name\":\"Eesti Filharmoonia Kammerkoor\",\"description\":\"\",\"publisher\":{\"@id\":\"https:\/\/www.epcc.ee\/#organization\"},\"potentialAction\":[{\"@type\":\"SearchAction\",\"target\":{\"@type\":\"EntryPoint\",\"urlTemplate\":\"https:\/\/www.epcc.ee\/?s={search_term_string}\"},\"query-input\":{\"@type\":\"PropertyValueSpecification\",\"valueRequired\":true,\"valueName\":\"search_term_string\"}}],\"inLanguage\":\"en-US\"},{\"@type\":\"Organization\",\"@id\":\"https:\/\/www.epcc.ee\/#organization\",\"name\":\"Eesti Filharmoonia Kammerkoor\",\"url\":\"https:\/\/www.epcc.ee\/\",\"logo\":{\"@type\":\"ImageObject\",\"inLanguage\":\"en-US\",\"@id\":\"https:\/\/www.epcc.ee\/#\/schema\/logo\/image\/\",\"url\":\"https:\/\/www.epcc.ee\/wp-content\/uploads\/2020\/10\/EFK-logo-2020-est-RGB-png.png\",\"contentUrl\":\"https:\/\/www.epcc.ee\/wp-content\/uploads\/2020\/10\/EFK-logo-2020-est-RGB-png.png\",\"width\":866,\"height\":247,\"caption\":\"Eesti Filharmoonia Kammerkoor\"},\"image\":{\"@id\":\"https:\/\/www.epcc.ee\/#\/schema\/logo\/image\/\"},\"sameAs\":[\"https:\/\/www.facebook.com\/kammerkoor\/\",\"https:\/\/www.youtube.com\/user\/epccclassics\"]},{\"@type\":\"Person\",\"@id\":\"https:\/\/www.epcc.ee\/#\/schema\/person\/c7335228c20d567fa07b901fe5ca1e95\",\"name\":\"epcc\",\"image\":{\"@type\":\"ImageObject\",\"inLanguage\":\"en-US\",\"@id\":\"https:\/\/www.epcc.ee\/#\/schema\/person\/image\/\",\"url\":\"https:\/\/secure.gravatar.com\/avatar\/82c79155df3c5b578b02bfa991733320?s=96&d=blank&r=g\",\"contentUrl\":\"https:\/\/secure.gravatar.com\/avatar\/82c79155df3c5b578b02bfa991733320?s=96&d=blank&r=g\",\"caption\":\"epcc\"}}]}<\/script>\n<!-- \/ Yoast SEO plugin. -->","yoast_head_json":{"title":"EPCC touring in Germany and Italy - Estonian Philharmonic Chamber Choir","robots":{"index":"index","follow":"follow","max-snippet":"max-snippet:-1","max-image-preview":"max-image-preview:large","max-video-preview":"max-video-preview:-1"},"canonical":"https:\/\/www.epcc.ee\/en\/2015\/03\/epcc-touring-in-germany-and-italy\/","og_locale":"en_US","og_type":"article","og_title":"EPCC touring in Germany and Italy - Estonian Philharmonic Chamber Choir","og_description":"In March EPCC will have two tours, the first in Germany, the other in Italy.\u00a0From 25 to 27 March the choir gives concerts together with W\u00fcrttemberg Chamber Orchestra under Gottfried von der Goltz. The programme includes Erkki Sven T\u00fc\u00fcr\u2019s Flamma, Arvo P\u00e4rt\u2019s Adam&#8217;s Lament and Franz Joseph Haydn\u2019s Mass in D minor &#8220;Nelson Messe&#8221;. The [&hellip;]","og_url":"https:\/\/www.epcc.ee\/en\/2015\/03\/epcc-touring-in-germany-and-italy\/","og_site_name":"Estonian Philharmonic Chamber Choir","article_publisher":"https:\/\/www.facebook.com\/kammerkoor\/","article_published_time":"2015-03-23T10:14:04+00:00","article_modified_time":"2017-05-23T14:36:12+00:00","og_image":[{"width":1920,"height":720,"url":"https:\/\/www.epcc.ee\/wp-content\/uploads\/2015\/05\/home_katlas.jpg","type":"image\/jpeg"}],"author":"epcc","twitter_card":"summary_large_image","twitter_misc":{"Written by":"epcc","Est. reading time":"1 minute"},"schema":{"@context":"https:\/\/schema.org","@graph":[{"@type":"Article","@id":"https:\/\/www.epcc.ee\/en\/2015\/03\/epcc-touring-in-germany-and-italy\/#article","isPartOf":{"@id":"https:\/\/www.epcc.ee\/en\/2015\/03\/epcc-touring-in-germany-and-italy\/"},"author":{"name":"epcc","@id":"https:\/\/www.epcc.ee\/#\/schema\/person\/c7335228c20d567fa07b901fe5ca1e95"},"headline":"EPCC touring in Germany and Italy","datePublished":"2015-03-23T10:14:04+00:00","dateModified":"2017-05-23T14:36:12+00:00","mainEntityOfPage":{"@id":"https:\/\/www.epcc.ee\/en\/2015\/03\/epcc-touring-in-germany-and-italy\/"},"wordCount":147,"publisher":{"@id":"https:\/\/www.epcc.ee\/#organization"},"articleSection":["News"],"inLanguage":"en-US"},{"@type":"WebPage","@id":"https:\/\/www.epcc.ee\/en\/2015\/03\/epcc-touring-in-germany-and-italy\/","url":"https:\/\/www.epcc.ee\/en\/2015\/03\/epcc-touring-in-germany-and-italy\/","name":"EPCC touring in Germany and Italy - Estonian Philharmonic Chamber Choir","isPartOf":{"@id":"https:\/\/www.epcc.ee\/#website"},"datePublished":"2015-03-23T10:14:04+00:00","dateModified":"2017-05-23T14:36:12+00:00","breadcrumb":{"@id":"https:\/\/www.epcc.ee\/en\/2015\/03\/epcc-touring-in-germany-and-italy\/#breadcrumb"},"inLanguage":"en-US","potentialAction":[{"@type":"ReadAction","target":["https:\/\/www.epcc.ee\/en\/2015\/03\/epcc-touring-in-germany-and-italy\/"]}]},{"@type":"BreadcrumbList","@id":"https:\/\/www.epcc.ee\/en\/2015\/03\/epcc-touring-in-germany-and-italy\/#breadcrumb","itemListElement":[{"@type":"ListItem","position":1,"name":"Home","item":"https:\/\/www.epcc.ee\/"},{"@type":"ListItem","position":2,"name":"EPCC touring in Germany and Italy"}]},{"@type":"WebSite","@id":"https:\/\/www.epcc.ee\/#website","url":"https:\/\/www.epcc.ee\/","name":"Eesti Filharmoonia Kammerkoor","description":"","publisher":{"@id":"https:\/\/www.epcc.ee\/#organization"},"potentialAction":[{"@type":"SearchAction","target":{"@type":"EntryPoint","urlTemplate":"https:\/\/www.epcc.ee\/?s={search_term_string}"},"query-input":{"@type":"PropertyValueSpecification","valueRequired":true,"valueName":"search_term_string"}}],"inLanguage":"en-US"},{"@type":"Organization","@id":"https:\/\/www.epcc.ee\/#organization","name":"Eesti Filharmoonia Kammerkoor","url":"https:\/\/www.epcc.ee\/","logo":{"@type":"ImageObject","inLanguage":"en-US","@id":"https:\/\/www.epcc.ee\/#\/schema\/logo\/image\/","url":"https:\/\/www.epcc.ee\/wp-content\/uploads\/2020\/10\/EFK-logo-2020-est-RGB-png.png","contentUrl":"https:\/\/www.epcc.ee\/wp-content\/uploads\/2020\/10\/EFK-logo-2020-est-RGB-png.png","width":866,"height":247,"caption":"Eesti Filharmoonia Kammerkoor"},"image":{"@id":"https:\/\/www.epcc.ee\/#\/schema\/logo\/image\/"},"sameAs":["https:\/\/www.facebook.com\/kammerkoor\/","https:\/\/www.youtube.com\/user\/epccclassics"]},{"@type":"Person","@id":"https:\/\/www.epcc.ee\/#\/schema\/person\/c7335228c20d567fa07b901fe5ca1e95","name":"epcc","image":{"@type":"ImageObject","inLanguage":"en-US","@id":"https:\/\/www.epcc.ee\/#\/schema\/person\/image\/","url":"https:\/\/secure.gravatar.com\/avatar\/82c79155df3c5b578b02bfa991733320?s=96&d=blank&r=g","contentUrl":"https:\/\/secure.gravatar.com\/avatar\/82c79155df3c5b578b02bfa991733320?s=96&d=blank&r=g","caption":"epcc"}}]}},"_links":{"self":[{"href":"https:\/\/www.epcc.ee\/en\/wp-json\/wp\/v2\/posts\/7476","targetHints":{"allow":["GET"]}}],"collection":[{"href":"https:\/\/www.epcc.ee\/en\/wp-json\/wp\/v2\/posts"}],"about":[{"href":"https:\/\/www.epcc.ee\/en\/wp-json\/wp\/v2\/types\/post"}],"author":[{"embeddable":true,"href":"https:\/\/www.epcc.ee\/en\/wp-json\/wp\/v2\/users\/2"}],"replies":[{"embeddable":true,"href":"https:\/\/www.epcc.ee\/en\/wp-json\/wp\/v2\/comments?post=7476"}],"version-history":[{"count":0,"href":"https:\/\/www.epcc.ee\/en\/wp-json\/wp\/v2\/posts\/7476\/revisions"}],"wp:attachment":[{"href":"https:\/\/www.epcc.ee\/en\/wp-json\/wp\/v2\/media?parent=7476"}],"wp:term":[{"taxonomy":"category","embeddable":true,"href":"https:\/\/www.epcc.ee\/en\/wp-json\/wp\/v2\/categories?post=7476"},{"taxonomy":"post_tag","embeddable":true,"href":"https:\/\/www.epcc.ee\/en\/wp-json\/wp\/v2\/tags?post=7476"}],"curies":[{"name":"wp","href":"https:\/\/api.w.org\/{rel}","templated":true}]}}