{"id":564,"date":"2008-11-07T00:00:00","date_gmt":"2008-11-07T00:00:00","guid":{"rendered":"http:\/\/www.kuvaja.ee\/projektid\/epcc_web\/?p=news254"},"modified":"2017-05-23T17:39:19","modified_gmt":"2017-05-23T14:39:19","slug":"kaljuste-brings-famed-estonian-choir-to-cincinnati","status":"publish","type":"post","link":"https:\/\/www.epcc.ee\/en\/2008\/11\/kaljuste-brings-famed-estonian-choir-to-cincinnati\/","title":{"rendered":"Kaljuste Brings Famed Estonian Choir to Cincinnati"},"content":{"rendered":"<p><P class=MsoNormal style=\"MARGIN: 0cm 0cm 0pt\"><SPAN style=\"FONT-SIZE: 10pt; FONT-FAMILY: Verdana\">McCain or Obama?<BR>Vivaldi&#8217;s choral work &#8220;Beatus vir&#8221; could apply to either.&nbsp; That&#8217;s why T\u00f5nu Kaljuste, founding director of the Estonian Philharmonic Chamber Choir, picked it as one of the selections on the choir&#8217;s current tour of the United States and Canada. <?xml:namespace prefix = o ns = \"urn:schemas-microsoft-com:office:office\" \/><o:p><\/o:p><\/SPAN><\/P><br \/>\n<P class=MsoNormal style=\"MARGIN: 0cm 0cm 0pt\"><SPAN style=\"FONT-SIZE: 10pt; FONT-FAMILY: Verdana; mso-fareast-font-family: Calibri\">&#8220;It&#8217;s my small joke,&#8221; he said.&nbsp; &#8220;&#8216;Beatus vir&#8217; is \u2018blessed man.&#8217;&nbsp; It&#8217;s written for two choirs and two orchestras.&nbsp; One orchestra is Republican, the other is Democrats.&nbsp; It&#8217;s a little antiphonal (the choirs alternate).&nbsp; A little musical clash between.&nbsp; Seen with these eyes, it&#8217;s fun.&#8221;<o:p><\/o:p><\/SPAN><\/P><br \/>\n<P class=MsoNormal style=\"MARGIN: 0cm 0cm 0pt\"><SPAN style=\"FONT-SIZE: 10pt; FONT-FAMILY: Verdana; mso-fareast-font-family: Calibri\">The 29-member choir, acknowledged as one of the finest in the world, performs at 7:30 p.m. Tuesday (Nov. 11) at St. Peter in Chains Cathedral, Plum and Eighth Streets in downtown Cincinnati.&nbsp; They will be joined by the Tallinn Chamber Orchestra.&nbsp; It will be the fifth stop on the groups&#8217; three-week, 11-city tour.<o:p><\/o:p><\/SPAN><\/P><br \/>\n<P class=MsoNormal style=\"MARGIN: 0cm 0cm 0pt\"><SPAN style=\"FONT-SIZE: 10pt; FONT-FAMILY: Verdana; mso-fareast-font-family: Calibri\">In addition to the Vivaldi, the program comprises Arvo P\u00e4rt&#8217;s &#8220;Wallfahrtslied&#8221; (&#8220;Pilgrim&#8217;s Song&#8221; for male choir and strings), &#8220;L&#8217;Abbe Agathon&#8221; (soprano and strings), &#8220;Da pacem Domine&#8221; (choir and strings) and &#8220;Orient Occident&#8221; (string orchestra,) and Erkki-Sven T\u00fc\u00fcr&#8217;s &#8220;Action,&#8221; &#8221; Passion&#8221; and &#8220;Illusion&#8221; (string orchestra).&nbsp; The concert is part of the Cathedral&#8217;s 2008-09 &#8220;Great Music in a Great Space&#8221; series.<o:p><\/o:p><\/SPAN><\/P><br \/>\n<P class=MsoNormal style=\"MARGIN: 0cm 0cm 0pt\"><SPAN style=\"FONT-SIZE: 10pt; FONT-FAMILY: Verdana; mso-fareast-font-family: Calibri\">A native of Tallinn, Estonia, Kaljuste, 55, has long been known as one of the world&#8217;s most distinguished choral conductors.&nbsp; Son of choral conductor and educator Heino Kaljuste, he took over his father&#8217;s Ellerhein Chamber Choir in 1974 (in which he had sung as a child).&nbsp; In 1981, after winning first prize in the Bela Bartok International Choral Competition in Debrecen, Hungary, including the prize for best conductor, he reorganized it as a full-time professional choir and renamed it the Estonian Philharmonic Chamber Choir.&nbsp; Under his direction, the EPCC forged an international reputation, winning acclaim on tour and for its recordings.&nbsp; In 1993, Kaljuste founded the collaborative Tallinn Chamber Orchestra (currently a 17-piece string orchestra).<o:p><\/o:p><\/SPAN><\/P><br \/>\n<P class=MsoNormal style=\"MARGIN: 0cm 0cm 0pt\"><SPAN style=\"FONT-SIZE: 10pt; FONT-FAMILY: Verdana; mso-fareast-font-family: Calibri\">The EPCC performs 60-70 concerts annually, tours regularly in Europe, North America and Asia, and has a huge repertoire, ranging from Gregorian chant to contemporary music.&nbsp; It has received eight Grammy nominations and won a Grammy in 2007 for Best Choral Performance (P\u00e4rt&#8217;s &#8220;Da pacem Domine&#8221; on the Harmonia Mundi label).&nbsp; Paul Hillier succeeded Kaljuste as chief conductor and artistic director from 2001-07.&nbsp; Hillier was succeeded by Daniel Reuss in September, 2008.&nbsp; <o:p><\/o:p><\/SPAN><\/P><br \/>\n<P class=MsoNormal style=\"MARGIN: 0cm 0cm 0pt\"><SPAN style=\"FONT-SIZE: 10pt; FONT-FAMILY: Verdana; mso-fareast-font-family: Calibri\">In 2001, after 20 years with the EPCC, Kaljuste \u2013 somewhat like Robert Shaw of the famed Robert Shaw Chorale &#8212; shifted his focus to orchestral conducting.&nbsp; (During the 1990s, he was also principal conductor of the Swedish Radio and Netherlands Chamber Choirs.)<o:p><\/o:p><\/SPAN><\/P><br \/>\n<P class=MsoNormal style=\"MARGIN: 0cm 0cm 0pt\"><SPAN style=\"FONT-SIZE: 10pt; FONT-FAMILY: Verdana; mso-fareast-font-family: Calibri\">&#8220;From 2000, I&#8217;m working with orchestras mostly,&#8221; he said, by phone from Louisville where the choir and orchestra spent a free day earlier this week.&nbsp; In 2006, he launched the summertime Nargen Festival in Estonia, even seeing through the construction of a unique opera house \u2013 a re-constructed barn, actually &#8212; on Naissaar, an island off Estonia&#8217;s northern coast.&nbsp; The latter is the subject of a 2007 Estonian documentary &#8220;Vastutuulesaal&#8221; (&#8220;Headwind Hall&#8221;) where Kaljuste sees his &#8220;impossible dream&#8221; of building an opera house on the island come true after five years of dogged effort. <o:p><\/o:p><\/SPAN><\/P><br \/>\n<P class=MsoNormal style=\"MARGIN: 0cm 0cm 0pt\"><SPAN style=\"FONT-SIZE: 10pt; FONT-FAMILY: Verdana; mso-fareast-font-family: Calibri\">Why build an opera house on a deserted island in the first place? &nbsp;(Naissaar had only one permanent resident, no electricity and no regular ferry service.) &nbsp;&nbsp;And why tackle the vast repertoire for orchestra after achieving world fame as a choral conductor?<o:p><\/o:p><\/SPAN><\/P><br \/>\n<P class=MsoNormal style=\"MARGIN: 0cm 0cm 0pt\"><SPAN style=\"FONT-SIZE: 10pt; FONT-FAMILY: Verdana; mso-fareast-font-family: Calibri\">Perhaps it&#8217;s the challenge, or simply the desire to seek new horizons.&nbsp; For the barn-as-opera-house \u2013 the original plan was for something contemporary with Sydney Opera-House appeal \u2013 Kaljuste sought &#8220;this kind of clean place where there was no information, no nothing, just from zero.&#8221;&nbsp; Today it is a popular summer destination for concerts, theater and opera, with ferry service from Piirita harbor in Tallinn (information at <A href=\"http:\/\/www.nargenopera.ee\/\">http:\/\/www.nargenopera.ee\/<\/A>). <o:p><\/o:p><\/SPAN><\/P><br \/>\n<P class=MsoNormal style=\"MARGIN: 0cm 0cm 0pt\"><SPAN style=\"FONT-SIZE: 10pt; FONT-FAMILY: Verdana; mso-fareast-font-family: Calibri\">He did not start from zero conducting orchestras, having studied choral and orchestral conducting at the Tallinn and Leningrad Conservatories. &nbsp;&nbsp;The music is what led him on, he said.<o:p><\/o:p><\/SPAN><\/P><br \/>\n<P class=MsoNormal style=\"MARGIN: 0cm 0cm 0pt\"><SPAN style=\"FONT-SIZE: 10pt; FONT-FAMILY: Verdana; mso-fareast-font-family: Calibri\">&#8220;It&#8217;s possible, of course, to be (a choral conductor) until the end of life and conduct all these pieces we&#8217;ve done before, but the choir repertoire is quite limited. &nbsp;&nbsp;All the most important things I wanted to do I had done.&nbsp; I moved to free lancer to be free and to find more interesting scores and develop my repertoire in this area.&nbsp; It is a wonderful life now to do absolutely different repertoire.&#8221;&nbsp; Since 2002, Kaljuste has conducted the RTE National Symphony (Dublin), BBC Symphony, Budapest Festival Orchestra, Lausanne Chamber Orchestra, Vienna Tonk\u00fcnstler, Camerata Salzburg, Mahler Chamber Orchestra, Hamburg State Opera, Oslo Philharmonic, CBC Radio Orchestra and the Radio Orchestras of Sweden, The Netherlands, Finland, Norway, Denmark, &nbsp;Berlin and Munich, among others. &nbsp;His new all-P\u00e4rt CD with the Estonian National Orchestra is set for release by ECM in February (&#8220;In Principio,&#8221; &#8220;La Sindone,&#8221; &#8220;Cecilia virgine romana,&#8221; &#8220;f\u00fcr Lennart, &#8220;Da pacem Domine&#8221; and &#8220;Mein Weg&#8221;). <o:p><\/o:p><\/SPAN><\/P><br \/>\n<P class=MsoNormal style=\"MARGIN: 0cm 0cm 0pt\"><SPAN style=\"FONT-SIZE: 10pt; FONT-FAMILY: Verdana; mso-fareast-font-family: Calibri\">Singing and choral music are what he has spent most of his life doing, however, and as an Estonian,&nbsp; that is a very special thing.&nbsp; &#8220;It&#8217;s part of education,&#8221; he said.&nbsp; &#8220;Every school has a children&#8217;s choir,&nbsp; They study music like we study vocabulary words with languages.&nbsp; To write music is like to write sentences, to read music, like to read newspapers.&nbsp; It&#8217;s an ideal, of course, but people have quite nice education.&#8221;<o:p><\/o:p><\/SPAN><\/P><br \/>\n<P class=MsoNormal style=\"MARGIN: 0cm 0cm 0pt\"><SPAN style=\"FONT-SIZE: 10pt; FONT-FAMILY: Verdana; mso-fareast-font-family: Calibri\">With hundreds of choirs through the country, singing has had an even larger meaning for tiny Estonia (population 1.4 million, about the size of Vermont and New Hampshire combined).&nbsp; &#8220;It&#8217;s connected with the political side.&nbsp; It was a weapon.&nbsp; With this nation you don&#8217;t have any tanks and guns.&nbsp; There is only culture that can hold your nation and part of that is music. &nbsp;Singing was important in the end of the 19th century to bring people together.&nbsp; &#8216;Singing Revolution&#8217; was important in the end of the 1980s, too, in Estonia.&#8221;<o:p><\/o:p><\/SPAN><\/P><br \/>\n<P class=MsoNormal style=\"MARGIN: 0cm 0cm 0pt\"><SPAN style=\"FONT-SIZE: 10pt; FONT-FAMILY: Verdana; mso-fareast-font-family: Calibri\">The Estonian National Song Festival was founded in 1869 and became important as part of the country&#8217;s national awakening after 700 years of foreign rule.&nbsp; The &#8220;Singing Revolution&#8221; refers to Estonia&#8217;s struggle for re-independence from the Soviet Union, a bloodless revolution waged in large part via the national song festival.&nbsp; This inspiring story is told in the 2007&nbsp; documentary film, &#8220;The Singing Revolution.&#8221;&nbsp; Screened by Cincinnati World Cinema at the Cincinnati Art Museum in July, the film has been presented in held-over engagements at movie theaters throughout the U.S. and has just been released on DVD (see <A href=\"http:\/\/www.singingrevolution.com\/\">http:\/\/www.singingrevolution.com\/<\/A>).&nbsp; Interestingly, a chorus from Cincinnati led by the late John Leman performed at a special &#8220;Bridges of Song&#8221; festival in Tallinn in 1991 organized by Kaljuste.&nbsp; In an interview for The Cincinnati Post in 2006, Leman called it &#8220;one of the top five musical experiences of my life.&#8221;<o:p><\/o:p><\/SPAN><\/P><br \/>\n<P class=MsoNormal style=\"MARGIN: 0cm 0cm 0pt\"><SPAN style=\"FONT-SIZE: 10pt; FONT-FAMILY: Verdana; mso-fareast-font-family: Calibri\">Kaljuste is an ardent champion of his country&#8217;s music, everything from ancient runic songs and the folk-inspired music of Veljo Tormis to Arvo P\u00e4rt and Erkki-Sven T\u00fc\u00fcr.&nbsp; Estonia&#8217;s choirs have made an important contribution to 20th-century music, he said.&nbsp; &#8220;Professional choir singing is a very young profession in the world.&nbsp; It has developed in the 20th century to a right level.&nbsp; Before this, it was mostly amateur, for fun.&#8221;<o:p><\/o:p><\/SPAN><\/P><br \/>\n<P class=MsoNormal style=\"MARGIN: 0cm 0cm 0pt\"><SPAN style=\"FONT-SIZE: 10pt; FONT-FAMILY: Verdana; mso-fareast-font-family: Calibri\"><o:p>&nbsp;<\/o:p><\/SPAN><\/P><br \/>\n<P class=MsoNormal style=\"MARGIN: 0cm 0cm 0pt\"><SPAN style=\"FONT-SIZE: 10pt; FONT-FAMILY: Verdana; mso-fareast-font-family: Calibri\"><o:p><\/o:p><\/SPAN>&nbsp;<\/P><br \/>\n<P class=MsoNormal style=\"MARGIN: 0cm 0cm 0pt\"><SPAN style=\"FONT-SIZE: 10pt; FONT-FAMILY: Verdana; mso-fareast-font-family: Calibri\"><o:p>Vt. ka: <A href=\"http:\/\/www.musicincincinnati.com\/site\/features\/Kaljuste_Brings_Famed_Estonian_Choir_to_Cincinnati.html\"><SPAN style=\"FONT-SIZE: 10pt; FONT-FAMILY: Verdana; mso-fareast-font-family: Calibri\"><o:p>Music in Cincinnati<\/o:p><\/SPAN><SPAN style=\"FONT-SIZE: 10pt; FONT-FAMILY: Verdana; mso-fareast-font-family: Calibri\"><o:p>&nbsp;<\/o:p><\/SPAN><\/A><\/o:p><\/SPAN><\/P><\/p>\n","protected":false},"excerpt":{"rendered":"<p>McCain or Obama?Vivaldi&#8217;s choral work &#8220;Beatus vir&#8221; could apply to either.&nbsp; That&#8217;s why T\u00f5nu Kaljuste, founding director of the Estonian Philharmonic Chamber Choir, picked it as one of the selections on the choir&#8217;s current tour of the United States and Canada. &#8220;It&#8217;s my small joke,&#8221; he said.&nbsp; &#8220;&#8216;Beatus vir&#8217; is \u2018blessed man.&#8217;&nbsp; It&#8217;s written for [&hellip;]<\/p>\n","protected":false},"author":2,"featured_media":0,"comment_status":"closed","ping_status":"closed","sticky":false,"template":"","format":"standard","meta":{"_acf_changed":false,"footnotes":""},"categories":[6],"tags":[],"class_list":["post-564","post","type-post","status-publish","format-standard","hentry","category-uudised"],"acf":[],"yoast_head":"<!-- This site is optimized with the Yoast SEO plugin v26.3 - https:\/\/yoast.com\/wordpress\/plugins\/seo\/ -->\n<title>Kaljuste Brings Famed Estonian Choir to Cincinnati - Estonian Philharmonic Chamber Choir<\/title>\n<meta name=\"robots\" content=\"index, follow, max-snippet:-1, max-image-preview:large, max-video-preview:-1\" \/>\n<link rel=\"canonical\" href=\"https:\/\/www.epcc.ee\/en\/2008\/11\/kaljuste-brings-famed-estonian-choir-to-cincinnati\/\" \/>\n<meta property=\"og:locale\" content=\"en_US\" \/>\n<meta property=\"og:type\" content=\"article\" \/>\n<meta property=\"og:title\" content=\"Kaljuste Brings Famed Estonian Choir to Cincinnati - Estonian Philharmonic Chamber Choir\" \/>\n<meta property=\"og:description\" content=\"McCain or Obama?Vivaldi&#8217;s choral work &#8220;Beatus vir&#8221; could apply to either.&nbsp; That&#8217;s why T\u00f5nu Kaljuste, founding director of the Estonian Philharmonic Chamber Choir, picked it as one of the selections on the choir&#8217;s current tour of the United States and Canada. &#8220;It&#8217;s my small joke,&#8221; he said.&nbsp; &#8220;&#8216;Beatus vir&#8217; is \u2018blessed man.&#8217;&nbsp; It&#8217;s written for [&hellip;]\" \/>\n<meta property=\"og:url\" content=\"https:\/\/www.epcc.ee\/en\/2008\/11\/kaljuste-brings-famed-estonian-choir-to-cincinnati\/\" \/>\n<meta property=\"og:site_name\" content=\"Estonian Philharmonic Chamber Choir\" \/>\n<meta property=\"article:publisher\" content=\"https:\/\/www.facebook.com\/kammerkoor\/\" \/>\n<meta property=\"article:published_time\" content=\"2008-11-07T00:00:00+00:00\" \/>\n<meta property=\"article:modified_time\" content=\"2017-05-23T14:39:19+00:00\" \/>\n<meta property=\"og:image\" content=\"https:\/\/www.epcc.ee\/wp-content\/uploads\/2015\/05\/home_katlas.jpg\" \/>\n\t<meta property=\"og:image:width\" content=\"1920\" \/>\n\t<meta property=\"og:image:height\" content=\"720\" \/>\n\t<meta property=\"og:image:type\" content=\"image\/jpeg\" \/>\n<meta name=\"author\" content=\"epcc\" \/>\n<meta name=\"twitter:card\" content=\"summary_large_image\" \/>\n<meta name=\"twitter:label1\" content=\"Written by\" \/>\n\t<meta name=\"twitter:data1\" content=\"epcc\" \/>\n\t<meta name=\"twitter:label2\" content=\"Est. reading time\" \/>\n\t<meta name=\"twitter:data2\" content=\"6 minutes\" \/>\n<script type=\"application\/ld+json\" class=\"yoast-schema-graph\">{\"@context\":\"https:\/\/schema.org\",\"@graph\":[{\"@type\":\"Article\",\"@id\":\"https:\/\/www.epcc.ee\/en\/2008\/11\/kaljuste-brings-famed-estonian-choir-to-cincinnati\/#article\",\"isPartOf\":{\"@id\":\"https:\/\/www.epcc.ee\/en\/2008\/11\/kaljuste-brings-famed-estonian-choir-to-cincinnati\/\"},\"author\":{\"name\":\"epcc\",\"@id\":\"https:\/\/www.epcc.ee\/#\/schema\/person\/c7335228c20d567fa07b901fe5ca1e95\"},\"headline\":\"Kaljuste Brings Famed Estonian Choir to Cincinnati\",\"datePublished\":\"2008-11-07T00:00:00+00:00\",\"dateModified\":\"2017-05-23T14:39:19+00:00\",\"mainEntityOfPage\":{\"@id\":\"https:\/\/www.epcc.ee\/en\/2008\/11\/kaljuste-brings-famed-estonian-choir-to-cincinnati\/\"},\"wordCount\":1288,\"publisher\":{\"@id\":\"https:\/\/www.epcc.ee\/#organization\"},\"articleSection\":[\"Uudised\"],\"inLanguage\":\"en-US\"},{\"@type\":\"WebPage\",\"@id\":\"https:\/\/www.epcc.ee\/en\/2008\/11\/kaljuste-brings-famed-estonian-choir-to-cincinnati\/\",\"url\":\"https:\/\/www.epcc.ee\/en\/2008\/11\/kaljuste-brings-famed-estonian-choir-to-cincinnati\/\",\"name\":\"Kaljuste Brings Famed Estonian Choir to Cincinnati - Estonian Philharmonic Chamber Choir\",\"isPartOf\":{\"@id\":\"https:\/\/www.epcc.ee\/#website\"},\"datePublished\":\"2008-11-07T00:00:00+00:00\",\"dateModified\":\"2017-05-23T14:39:19+00:00\",\"breadcrumb\":{\"@id\":\"https:\/\/www.epcc.ee\/en\/2008\/11\/kaljuste-brings-famed-estonian-choir-to-cincinnati\/#breadcrumb\"},\"inLanguage\":\"en-US\",\"potentialAction\":[{\"@type\":\"ReadAction\",\"target\":[\"https:\/\/www.epcc.ee\/en\/2008\/11\/kaljuste-brings-famed-estonian-choir-to-cincinnati\/\"]}]},{\"@type\":\"BreadcrumbList\",\"@id\":\"https:\/\/www.epcc.ee\/en\/2008\/11\/kaljuste-brings-famed-estonian-choir-to-cincinnati\/#breadcrumb\",\"itemListElement\":[{\"@type\":\"ListItem\",\"position\":1,\"name\":\"Home\",\"item\":\"https:\/\/www.epcc.ee\/\"},{\"@type\":\"ListItem\",\"position\":2,\"name\":\"Kaljuste Brings Famed Estonian Choir to Cincinnati\"}]},{\"@type\":\"WebSite\",\"@id\":\"https:\/\/www.epcc.ee\/#website\",\"url\":\"https:\/\/www.epcc.ee\/\",\"name\":\"Eesti Filharmoonia Kammerkoor\",\"description\":\"\",\"publisher\":{\"@id\":\"https:\/\/www.epcc.ee\/#organization\"},\"potentialAction\":[{\"@type\":\"SearchAction\",\"target\":{\"@type\":\"EntryPoint\",\"urlTemplate\":\"https:\/\/www.epcc.ee\/?s={search_term_string}\"},\"query-input\":{\"@type\":\"PropertyValueSpecification\",\"valueRequired\":true,\"valueName\":\"search_term_string\"}}],\"inLanguage\":\"en-US\"},{\"@type\":\"Organization\",\"@id\":\"https:\/\/www.epcc.ee\/#organization\",\"name\":\"Eesti Filharmoonia Kammerkoor\",\"url\":\"https:\/\/www.epcc.ee\/\",\"logo\":{\"@type\":\"ImageObject\",\"inLanguage\":\"en-US\",\"@id\":\"https:\/\/www.epcc.ee\/#\/schema\/logo\/image\/\",\"url\":\"https:\/\/www.epcc.ee\/wp-content\/uploads\/2020\/10\/EFK-logo-2020-est-RGB-png.png\",\"contentUrl\":\"https:\/\/www.epcc.ee\/wp-content\/uploads\/2020\/10\/EFK-logo-2020-est-RGB-png.png\",\"width\":866,\"height\":247,\"caption\":\"Eesti Filharmoonia Kammerkoor\"},\"image\":{\"@id\":\"https:\/\/www.epcc.ee\/#\/schema\/logo\/image\/\"},\"sameAs\":[\"https:\/\/www.facebook.com\/kammerkoor\/\",\"https:\/\/www.youtube.com\/user\/epccclassics\"]},{\"@type\":\"Person\",\"@id\":\"https:\/\/www.epcc.ee\/#\/schema\/person\/c7335228c20d567fa07b901fe5ca1e95\",\"name\":\"epcc\",\"image\":{\"@type\":\"ImageObject\",\"inLanguage\":\"en-US\",\"@id\":\"https:\/\/www.epcc.ee\/#\/schema\/person\/image\/\",\"url\":\"https:\/\/secure.gravatar.com\/avatar\/82c79155df3c5b578b02bfa991733320?s=96&d=blank&r=g\",\"contentUrl\":\"https:\/\/secure.gravatar.com\/avatar\/82c79155df3c5b578b02bfa991733320?s=96&d=blank&r=g\",\"caption\":\"epcc\"}}]}<\/script>\n<!-- \/ Yoast SEO plugin. -->","yoast_head_json":{"title":"Kaljuste Brings Famed Estonian Choir to Cincinnati - Estonian Philharmonic Chamber Choir","robots":{"index":"index","follow":"follow","max-snippet":"max-snippet:-1","max-image-preview":"max-image-preview:large","max-video-preview":"max-video-preview:-1"},"canonical":"https:\/\/www.epcc.ee\/en\/2008\/11\/kaljuste-brings-famed-estonian-choir-to-cincinnati\/","og_locale":"en_US","og_type":"article","og_title":"Kaljuste Brings Famed Estonian Choir to Cincinnati - Estonian Philharmonic Chamber Choir","og_description":"McCain or Obama?Vivaldi&#8217;s choral work &#8220;Beatus vir&#8221; could apply to either.&nbsp; That&#8217;s why T\u00f5nu Kaljuste, founding director of the Estonian Philharmonic Chamber Choir, picked it as one of the selections on the choir&#8217;s current tour of the United States and Canada. &#8220;It&#8217;s my small joke,&#8221; he said.&nbsp; &#8220;&#8216;Beatus vir&#8217; is \u2018blessed man.&#8217;&nbsp; It&#8217;s written for [&hellip;]","og_url":"https:\/\/www.epcc.ee\/en\/2008\/11\/kaljuste-brings-famed-estonian-choir-to-cincinnati\/","og_site_name":"Estonian Philharmonic Chamber Choir","article_publisher":"https:\/\/www.facebook.com\/kammerkoor\/","article_published_time":"2008-11-07T00:00:00+00:00","article_modified_time":"2017-05-23T14:39:19+00:00","og_image":[{"width":1920,"height":720,"url":"https:\/\/www.epcc.ee\/wp-content\/uploads\/2015\/05\/home_katlas.jpg","type":"image\/jpeg"}],"author":"epcc","twitter_card":"summary_large_image","twitter_misc":{"Written by":"epcc","Est. reading time":"6 minutes"},"schema":{"@context":"https:\/\/schema.org","@graph":[{"@type":"Article","@id":"https:\/\/www.epcc.ee\/en\/2008\/11\/kaljuste-brings-famed-estonian-choir-to-cincinnati\/#article","isPartOf":{"@id":"https:\/\/www.epcc.ee\/en\/2008\/11\/kaljuste-brings-famed-estonian-choir-to-cincinnati\/"},"author":{"name":"epcc","@id":"https:\/\/www.epcc.ee\/#\/schema\/person\/c7335228c20d567fa07b901fe5ca1e95"},"headline":"Kaljuste Brings Famed Estonian Choir to Cincinnati","datePublished":"2008-11-07T00:00:00+00:00","dateModified":"2017-05-23T14:39:19+00:00","mainEntityOfPage":{"@id":"https:\/\/www.epcc.ee\/en\/2008\/11\/kaljuste-brings-famed-estonian-choir-to-cincinnati\/"},"wordCount":1288,"publisher":{"@id":"https:\/\/www.epcc.ee\/#organization"},"articleSection":["Uudised"],"inLanguage":"en-US"},{"@type":"WebPage","@id":"https:\/\/www.epcc.ee\/en\/2008\/11\/kaljuste-brings-famed-estonian-choir-to-cincinnati\/","url":"https:\/\/www.epcc.ee\/en\/2008\/11\/kaljuste-brings-famed-estonian-choir-to-cincinnati\/","name":"Kaljuste Brings Famed Estonian Choir to Cincinnati - Estonian Philharmonic Chamber Choir","isPartOf":{"@id":"https:\/\/www.epcc.ee\/#website"},"datePublished":"2008-11-07T00:00:00+00:00","dateModified":"2017-05-23T14:39:19+00:00","breadcrumb":{"@id":"https:\/\/www.epcc.ee\/en\/2008\/11\/kaljuste-brings-famed-estonian-choir-to-cincinnati\/#breadcrumb"},"inLanguage":"en-US","potentialAction":[{"@type":"ReadAction","target":["https:\/\/www.epcc.ee\/en\/2008\/11\/kaljuste-brings-famed-estonian-choir-to-cincinnati\/"]}]},{"@type":"BreadcrumbList","@id":"https:\/\/www.epcc.ee\/en\/2008\/11\/kaljuste-brings-famed-estonian-choir-to-cincinnati\/#breadcrumb","itemListElement":[{"@type":"ListItem","position":1,"name":"Home","item":"https:\/\/www.epcc.ee\/"},{"@type":"ListItem","position":2,"name":"Kaljuste Brings Famed Estonian Choir to Cincinnati"}]},{"@type":"WebSite","@id":"https:\/\/www.epcc.ee\/#website","url":"https:\/\/www.epcc.ee\/","name":"Eesti Filharmoonia Kammerkoor","description":"","publisher":{"@id":"https:\/\/www.epcc.ee\/#organization"},"potentialAction":[{"@type":"SearchAction","target":{"@type":"EntryPoint","urlTemplate":"https:\/\/www.epcc.ee\/?s={search_term_string}"},"query-input":{"@type":"PropertyValueSpecification","valueRequired":true,"valueName":"search_term_string"}}],"inLanguage":"en-US"},{"@type":"Organization","@id":"https:\/\/www.epcc.ee\/#organization","name":"Eesti Filharmoonia Kammerkoor","url":"https:\/\/www.epcc.ee\/","logo":{"@type":"ImageObject","inLanguage":"en-US","@id":"https:\/\/www.epcc.ee\/#\/schema\/logo\/image\/","url":"https:\/\/www.epcc.ee\/wp-content\/uploads\/2020\/10\/EFK-logo-2020-est-RGB-png.png","contentUrl":"https:\/\/www.epcc.ee\/wp-content\/uploads\/2020\/10\/EFK-logo-2020-est-RGB-png.png","width":866,"height":247,"caption":"Eesti Filharmoonia Kammerkoor"},"image":{"@id":"https:\/\/www.epcc.ee\/#\/schema\/logo\/image\/"},"sameAs":["https:\/\/www.facebook.com\/kammerkoor\/","https:\/\/www.youtube.com\/user\/epccclassics"]},{"@type":"Person","@id":"https:\/\/www.epcc.ee\/#\/schema\/person\/c7335228c20d567fa07b901fe5ca1e95","name":"epcc","image":{"@type":"ImageObject","inLanguage":"en-US","@id":"https:\/\/www.epcc.ee\/#\/schema\/person\/image\/","url":"https:\/\/secure.gravatar.com\/avatar\/82c79155df3c5b578b02bfa991733320?s=96&d=blank&r=g","contentUrl":"https:\/\/secure.gravatar.com\/avatar\/82c79155df3c5b578b02bfa991733320?s=96&d=blank&r=g","caption":"epcc"}}]}},"_links":{"self":[{"href":"https:\/\/www.epcc.ee\/en\/wp-json\/wp\/v2\/posts\/564","targetHints":{"allow":["GET"]}}],"collection":[{"href":"https:\/\/www.epcc.ee\/en\/wp-json\/wp\/v2\/posts"}],"about":[{"href":"https:\/\/www.epcc.ee\/en\/wp-json\/wp\/v2\/types\/post"}],"author":[{"embeddable":true,"href":"https:\/\/www.epcc.ee\/en\/wp-json\/wp\/v2\/users\/2"}],"replies":[{"embeddable":true,"href":"https:\/\/www.epcc.ee\/en\/wp-json\/wp\/v2\/comments?post=564"}],"version-history":[{"count":0,"href":"https:\/\/www.epcc.ee\/en\/wp-json\/wp\/v2\/posts\/564\/revisions"}],"wp:attachment":[{"href":"https:\/\/www.epcc.ee\/en\/wp-json\/wp\/v2\/media?parent=564"}],"wp:term":[{"taxonomy":"category","embeddable":true,"href":"https:\/\/www.epcc.ee\/en\/wp-json\/wp\/v2\/categories?post=564"},{"taxonomy":"post_tag","embeddable":true,"href":"https:\/\/www.epcc.ee\/en\/wp-json\/wp\/v2\/tags?post=564"}],"curies":[{"name":"wp","href":"https:\/\/api.w.org\/{rel}","templated":true}]}}