{"id":48,"date":"2003-10-22T00:00:00","date_gmt":"2003-10-22T00:00:00","guid":{"rendered":"http:\/\/www.kuvaja.ee\/projektid\/epcc_web\/?p=news13"},"modified":"2017-05-23T17:39:43","modified_gmt":"2017-05-23T14:39:43","slug":"epcc-goes-on-tour-of-north-america","status":"publish","type":"post","link":"https:\/\/www.epcc.ee\/en\/2003\/10\/epcc-goes-on-tour-of-north-america\/","title":{"rendered":"EPCC goes on tour of North America"},"content":{"rendered":"<p><P class=MsoNormal style=\"MARGIN: 0cm 0cm 0pt\"><SPAN lang=ET style=\"FONT-SIZE: 10pt; FONT-FAMILY: Verdana; mso-bidi-font-size: 12.0pt\">Estonian Philharmonic Chamber Choir takes off for their sixth tour of the USA and Canada. They will give ten concerts in Tucson, Houston, Sacramento, San Francisco and New York among other places in the USA, and in Toronto, Canada. The program includes music by Kreek, Sisask, Grigorjeva, P\u00e4rt, Tormis, Martinaitis, Einfelde, Sandstr\u00f6m, Rautavaara, <\/SPAN><STRONG><SPAN lang=ET style=\"FONT-WEIGHT: normal; FONT-SIZE: 10pt; COLOR: black; FONT-FAMILY: Verdana\">N\u00f8rg\u00e5rd, Schnittke, Titov, Bortnjanski, Sarti, Galuppi, Galbraith, Gorecki. <\/SPAN><\/STRONG><SPAN lang=ET style=\"FONT-SIZE: 10pt; FONT-FAMILY: Verdana; mso-bidi-font-size: 12.0pt\">The choir will also participate at the Soundstream Festival in Toronto for the third time. It is their first tour with Paul Hillier, the choir&#8217;s principal conductor since 2001.<?xml:namespace prefix = o ns = \"urn:schemas-microsoft-com:office:office\" \/><o:p><\/o:p><\/SPAN><\/P><\/p>\n","protected":false},"excerpt":{"rendered":"<p>Estonian Philharmonic Chamber Choir takes off for their sixth tour of the USA and Canada. They will give ten concerts in Tucson, Houston, Sacramento, San Francisco and New York among other places in the USA, and in Toronto, Canada. The program includes music by Kreek, Sisask, Grigorjeva, P\u00e4rt, Tormis, Martinaitis, Einfelde, Sandstr\u00f6m, Rautavaara, N\u00f8rg\u00e5rd, Schnittke, [&hellip;]<\/p>\n","protected":false},"author":2,"featured_media":0,"comment_status":"closed","ping_status":"closed","sticky":false,"template":"","format":"standard","meta":{"_acf_changed":false,"footnotes":""},"categories":[6],"tags":[],"class_list":["post-48","post","type-post","status-publish","format-standard","hentry","category-uudised"],"acf":[],"yoast_head":"<!-- This site is optimized with the Yoast SEO plugin v26.3 - https:\/\/yoast.com\/wordpress\/plugins\/seo\/ -->\n<title>EPCC goes on tour of North America - Estonian Philharmonic Chamber Choir<\/title>\n<meta name=\"robots\" content=\"index, follow, max-snippet:-1, max-image-preview:large, max-video-preview:-1\" \/>\n<link rel=\"canonical\" href=\"https:\/\/www.epcc.ee\/en\/2003\/10\/epcc-goes-on-tour-of-north-america\/\" \/>\n<meta property=\"og:locale\" content=\"en_US\" \/>\n<meta property=\"og:type\" content=\"article\" \/>\n<meta property=\"og:title\" content=\"EPCC goes on tour of North America - Estonian Philharmonic Chamber Choir\" \/>\n<meta property=\"og:description\" content=\"Estonian Philharmonic Chamber Choir takes off for their sixth tour of the USA and Canada. They will give ten concerts in Tucson, Houston, Sacramento, San Francisco and New York among other places in the USA, and in Toronto, Canada. The program includes music by Kreek, Sisask, Grigorjeva, P\u00e4rt, Tormis, Martinaitis, Einfelde, Sandstr\u00f6m, Rautavaara, N\u00f8rg\u00e5rd, Schnittke, [&hellip;]\" \/>\n<meta property=\"og:url\" content=\"https:\/\/www.epcc.ee\/en\/2003\/10\/epcc-goes-on-tour-of-north-america\/\" \/>\n<meta property=\"og:site_name\" content=\"Estonian Philharmonic Chamber Choir\" \/>\n<meta property=\"article:publisher\" content=\"https:\/\/www.facebook.com\/kammerkoor\/\" \/>\n<meta property=\"article:published_time\" content=\"2003-10-22T00:00:00+00:00\" \/>\n<meta property=\"article:modified_time\" content=\"2017-05-23T14:39:43+00:00\" \/>\n<meta property=\"og:image\" content=\"https:\/\/www.epcc.ee\/wp-content\/uploads\/2015\/05\/home_katlas.jpg\" \/>\n\t<meta property=\"og:image:width\" content=\"1920\" \/>\n\t<meta property=\"og:image:height\" content=\"720\" \/>\n\t<meta property=\"og:image:type\" content=\"image\/jpeg\" \/>\n<meta name=\"author\" content=\"epcc\" \/>\n<meta name=\"twitter:card\" content=\"summary_large_image\" \/>\n<meta name=\"twitter:label1\" content=\"Written by\" \/>\n\t<meta name=\"twitter:data1\" content=\"epcc\" \/>\n<script type=\"application\/ld+json\" class=\"yoast-schema-graph\">{\"@context\":\"https:\/\/schema.org\",\"@graph\":[{\"@type\":\"Article\",\"@id\":\"https:\/\/www.epcc.ee\/en\/2003\/10\/epcc-goes-on-tour-of-north-america\/#article\",\"isPartOf\":{\"@id\":\"https:\/\/www.epcc.ee\/en\/2003\/10\/epcc-goes-on-tour-of-north-america\/\"},\"author\":{\"name\":\"epcc\",\"@id\":\"https:\/\/www.epcc.ee\/#\/schema\/person\/c7335228c20d567fa07b901fe5ca1e95\"},\"headline\":\"EPCC goes on tour of North America\",\"datePublished\":\"2003-10-22T00:00:00+00:00\",\"dateModified\":\"2017-05-23T14:39:43+00:00\",\"mainEntityOfPage\":{\"@id\":\"https:\/\/www.epcc.ee\/en\/2003\/10\/epcc-goes-on-tour-of-north-america\/\"},\"wordCount\":101,\"publisher\":{\"@id\":\"https:\/\/www.epcc.ee\/#organization\"},\"articleSection\":[\"Uudised\"],\"inLanguage\":\"en-US\"},{\"@type\":\"WebPage\",\"@id\":\"https:\/\/www.epcc.ee\/en\/2003\/10\/epcc-goes-on-tour-of-north-america\/\",\"url\":\"https:\/\/www.epcc.ee\/en\/2003\/10\/epcc-goes-on-tour-of-north-america\/\",\"name\":\"EPCC goes on tour of North America - Estonian Philharmonic Chamber Choir\",\"isPartOf\":{\"@id\":\"https:\/\/www.epcc.ee\/#website\"},\"datePublished\":\"2003-10-22T00:00:00+00:00\",\"dateModified\":\"2017-05-23T14:39:43+00:00\",\"breadcrumb\":{\"@id\":\"https:\/\/www.epcc.ee\/en\/2003\/10\/epcc-goes-on-tour-of-north-america\/#breadcrumb\"},\"inLanguage\":\"en-US\",\"potentialAction\":[{\"@type\":\"ReadAction\",\"target\":[\"https:\/\/www.epcc.ee\/en\/2003\/10\/epcc-goes-on-tour-of-north-america\/\"]}]},{\"@type\":\"BreadcrumbList\",\"@id\":\"https:\/\/www.epcc.ee\/en\/2003\/10\/epcc-goes-on-tour-of-north-america\/#breadcrumb\",\"itemListElement\":[{\"@type\":\"ListItem\",\"position\":1,\"name\":\"Home\",\"item\":\"https:\/\/www.epcc.ee\/\"},{\"@type\":\"ListItem\",\"position\":2,\"name\":\"EPCC goes on tour of North America\"}]},{\"@type\":\"WebSite\",\"@id\":\"https:\/\/www.epcc.ee\/#website\",\"url\":\"https:\/\/www.epcc.ee\/\",\"name\":\"Eesti Filharmoonia Kammerkoor\",\"description\":\"\",\"publisher\":{\"@id\":\"https:\/\/www.epcc.ee\/#organization\"},\"potentialAction\":[{\"@type\":\"SearchAction\",\"target\":{\"@type\":\"EntryPoint\",\"urlTemplate\":\"https:\/\/www.epcc.ee\/?s={search_term_string}\"},\"query-input\":{\"@type\":\"PropertyValueSpecification\",\"valueRequired\":true,\"valueName\":\"search_term_string\"}}],\"inLanguage\":\"en-US\"},{\"@type\":\"Organization\",\"@id\":\"https:\/\/www.epcc.ee\/#organization\",\"name\":\"Eesti Filharmoonia Kammerkoor\",\"url\":\"https:\/\/www.epcc.ee\/\",\"logo\":{\"@type\":\"ImageObject\",\"inLanguage\":\"en-US\",\"@id\":\"https:\/\/www.epcc.ee\/#\/schema\/logo\/image\/\",\"url\":\"https:\/\/www.epcc.ee\/wp-content\/uploads\/2020\/10\/EFK-logo-2020-est-RGB-png.png\",\"contentUrl\":\"https:\/\/www.epcc.ee\/wp-content\/uploads\/2020\/10\/EFK-logo-2020-est-RGB-png.png\",\"width\":866,\"height\":247,\"caption\":\"Eesti Filharmoonia Kammerkoor\"},\"image\":{\"@id\":\"https:\/\/www.epcc.ee\/#\/schema\/logo\/image\/\"},\"sameAs\":[\"https:\/\/www.facebook.com\/kammerkoor\/\",\"https:\/\/www.youtube.com\/user\/epccclassics\"]},{\"@type\":\"Person\",\"@id\":\"https:\/\/www.epcc.ee\/#\/schema\/person\/c7335228c20d567fa07b901fe5ca1e95\",\"name\":\"epcc\",\"image\":{\"@type\":\"ImageObject\",\"inLanguage\":\"en-US\",\"@id\":\"https:\/\/www.epcc.ee\/#\/schema\/person\/image\/\",\"url\":\"https:\/\/secure.gravatar.com\/avatar\/82c79155df3c5b578b02bfa991733320?s=96&d=blank&r=g\",\"contentUrl\":\"https:\/\/secure.gravatar.com\/avatar\/82c79155df3c5b578b02bfa991733320?s=96&d=blank&r=g\",\"caption\":\"epcc\"}}]}<\/script>\n<!-- \/ Yoast SEO plugin. -->","yoast_head_json":{"title":"EPCC goes on tour of North America - Estonian Philharmonic Chamber Choir","robots":{"index":"index","follow":"follow","max-snippet":"max-snippet:-1","max-image-preview":"max-image-preview:large","max-video-preview":"max-video-preview:-1"},"canonical":"https:\/\/www.epcc.ee\/en\/2003\/10\/epcc-goes-on-tour-of-north-america\/","og_locale":"en_US","og_type":"article","og_title":"EPCC goes on tour of North America - Estonian Philharmonic Chamber Choir","og_description":"Estonian Philharmonic Chamber Choir takes off for their sixth tour of the USA and Canada. They will give ten concerts in Tucson, Houston, Sacramento, San Francisco and New York among other places in the USA, and in Toronto, Canada. The program includes music by Kreek, Sisask, Grigorjeva, P\u00e4rt, Tormis, Martinaitis, Einfelde, Sandstr\u00f6m, Rautavaara, N\u00f8rg\u00e5rd, Schnittke, [&hellip;]","og_url":"https:\/\/www.epcc.ee\/en\/2003\/10\/epcc-goes-on-tour-of-north-america\/","og_site_name":"Estonian Philharmonic Chamber Choir","article_publisher":"https:\/\/www.facebook.com\/kammerkoor\/","article_published_time":"2003-10-22T00:00:00+00:00","article_modified_time":"2017-05-23T14:39:43+00:00","og_image":[{"width":1920,"height":720,"url":"https:\/\/www.epcc.ee\/wp-content\/uploads\/2015\/05\/home_katlas.jpg","type":"image\/jpeg"}],"author":"epcc","twitter_card":"summary_large_image","twitter_misc":{"Written by":"epcc"},"schema":{"@context":"https:\/\/schema.org","@graph":[{"@type":"Article","@id":"https:\/\/www.epcc.ee\/en\/2003\/10\/epcc-goes-on-tour-of-north-america\/#article","isPartOf":{"@id":"https:\/\/www.epcc.ee\/en\/2003\/10\/epcc-goes-on-tour-of-north-america\/"},"author":{"name":"epcc","@id":"https:\/\/www.epcc.ee\/#\/schema\/person\/c7335228c20d567fa07b901fe5ca1e95"},"headline":"EPCC goes on tour of North America","datePublished":"2003-10-22T00:00:00+00:00","dateModified":"2017-05-23T14:39:43+00:00","mainEntityOfPage":{"@id":"https:\/\/www.epcc.ee\/en\/2003\/10\/epcc-goes-on-tour-of-north-america\/"},"wordCount":101,"publisher":{"@id":"https:\/\/www.epcc.ee\/#organization"},"articleSection":["Uudised"],"inLanguage":"en-US"},{"@type":"WebPage","@id":"https:\/\/www.epcc.ee\/en\/2003\/10\/epcc-goes-on-tour-of-north-america\/","url":"https:\/\/www.epcc.ee\/en\/2003\/10\/epcc-goes-on-tour-of-north-america\/","name":"EPCC goes on tour of North America - Estonian Philharmonic Chamber Choir","isPartOf":{"@id":"https:\/\/www.epcc.ee\/#website"},"datePublished":"2003-10-22T00:00:00+00:00","dateModified":"2017-05-23T14:39:43+00:00","breadcrumb":{"@id":"https:\/\/www.epcc.ee\/en\/2003\/10\/epcc-goes-on-tour-of-north-america\/#breadcrumb"},"inLanguage":"en-US","potentialAction":[{"@type":"ReadAction","target":["https:\/\/www.epcc.ee\/en\/2003\/10\/epcc-goes-on-tour-of-north-america\/"]}]},{"@type":"BreadcrumbList","@id":"https:\/\/www.epcc.ee\/en\/2003\/10\/epcc-goes-on-tour-of-north-america\/#breadcrumb","itemListElement":[{"@type":"ListItem","position":1,"name":"Home","item":"https:\/\/www.epcc.ee\/"},{"@type":"ListItem","position":2,"name":"EPCC goes on tour of North America"}]},{"@type":"WebSite","@id":"https:\/\/www.epcc.ee\/#website","url":"https:\/\/www.epcc.ee\/","name":"Eesti Filharmoonia Kammerkoor","description":"","publisher":{"@id":"https:\/\/www.epcc.ee\/#organization"},"potentialAction":[{"@type":"SearchAction","target":{"@type":"EntryPoint","urlTemplate":"https:\/\/www.epcc.ee\/?s={search_term_string}"},"query-input":{"@type":"PropertyValueSpecification","valueRequired":true,"valueName":"search_term_string"}}],"inLanguage":"en-US"},{"@type":"Organization","@id":"https:\/\/www.epcc.ee\/#organization","name":"Eesti Filharmoonia Kammerkoor","url":"https:\/\/www.epcc.ee\/","logo":{"@type":"ImageObject","inLanguage":"en-US","@id":"https:\/\/www.epcc.ee\/#\/schema\/logo\/image\/","url":"https:\/\/www.epcc.ee\/wp-content\/uploads\/2020\/10\/EFK-logo-2020-est-RGB-png.png","contentUrl":"https:\/\/www.epcc.ee\/wp-content\/uploads\/2020\/10\/EFK-logo-2020-est-RGB-png.png","width":866,"height":247,"caption":"Eesti Filharmoonia Kammerkoor"},"image":{"@id":"https:\/\/www.epcc.ee\/#\/schema\/logo\/image\/"},"sameAs":["https:\/\/www.facebook.com\/kammerkoor\/","https:\/\/www.youtube.com\/user\/epccclassics"]},{"@type":"Person","@id":"https:\/\/www.epcc.ee\/#\/schema\/person\/c7335228c20d567fa07b901fe5ca1e95","name":"epcc","image":{"@type":"ImageObject","inLanguage":"en-US","@id":"https:\/\/www.epcc.ee\/#\/schema\/person\/image\/","url":"https:\/\/secure.gravatar.com\/avatar\/82c79155df3c5b578b02bfa991733320?s=96&d=blank&r=g","contentUrl":"https:\/\/secure.gravatar.com\/avatar\/82c79155df3c5b578b02bfa991733320?s=96&d=blank&r=g","caption":"epcc"}}]}},"_links":{"self":[{"href":"https:\/\/www.epcc.ee\/en\/wp-json\/wp\/v2\/posts\/48","targetHints":{"allow":["GET"]}}],"collection":[{"href":"https:\/\/www.epcc.ee\/en\/wp-json\/wp\/v2\/posts"}],"about":[{"href":"https:\/\/www.epcc.ee\/en\/wp-json\/wp\/v2\/types\/post"}],"author":[{"embeddable":true,"href":"https:\/\/www.epcc.ee\/en\/wp-json\/wp\/v2\/users\/2"}],"replies":[{"embeddable":true,"href":"https:\/\/www.epcc.ee\/en\/wp-json\/wp\/v2\/comments?post=48"}],"version-history":[{"count":0,"href":"https:\/\/www.epcc.ee\/en\/wp-json\/wp\/v2\/posts\/48\/revisions"}],"wp:attachment":[{"href":"https:\/\/www.epcc.ee\/en\/wp-json\/wp\/v2\/media?parent=48"}],"wp:term":[{"taxonomy":"category","embeddable":true,"href":"https:\/\/www.epcc.ee\/en\/wp-json\/wp\/v2\/categories?post=48"},{"taxonomy":"post_tag","embeddable":true,"href":"https:\/\/www.epcc.ee\/en\/wp-json\/wp\/v2\/tags?post=48"}],"curies":[{"name":"wp","href":"https:\/\/api.w.org\/{rel}","templated":true}]}}