{"id":21857,"date":"2023-11-29T15:02:54","date_gmt":"2023-11-29T13:02:54","guid":{"rendered":"https:\/\/www.epcc.ee\/2023\/11\/arvustus-reminiscentiae\/"},"modified":"2023-11-30T11:04:24","modified_gmt":"2023-11-30T09:04:24","slug":"arvustus-reminiscentiae","status":"publish","type":"post","link":"https:\/\/www.epcc.ee\/en\/2023\/11\/arvustus-reminiscentiae\/","title":{"rendered":"Review. REMINISCENTIAE"},"content":{"rendered":"<p><strong>T\u00edtol<\/strong><strong>:<\/strong>\u00a0Reminiscentiae<strong><br \/>\nAutor:\u00a0<\/strong>Veljo Tormis<strong><br \/>\nInt\u00e8rprets:<\/strong>\u00a0Estonian Philharmonic Chamber Choir,<br \/>\nTallinn Chamber Orchestra<br \/>\n<strong>Direcci\u00f3:<\/strong>\u00a0T\u00f5nu Kaljuste<br \/>\n<strong>Segell discogr\u00e0fic:\u00a0<\/strong>ECM Records<br \/>\n<img loading=\"lazy\" decoding=\"async\" class=\"contorn alignleft wp-image-16734 size-full\" src=\"https:\/\/sonograma.org\/suplement-de-discos\/wp-content\/uploads\/sites\/3\/2023\/11\/Sonograma-Magazine-Reminiscentiae.jpg\" sizes=\"auto, (max-width: 300px) 100vw, 300px\" srcset=\"https:\/\/sonograma.org\/suplement-de-discos\/wp-content\/uploads\/sites\/3\/2023\/11\/Sonograma-Magazine-Reminiscentiae.jpg 300w, https:\/\/sonograma.org\/suplement-de-discos\/wp-content\/uploads\/sites\/3\/2023\/11\/Sonograma-Magazine-Reminiscentiae-150x150.jpg 150w\" alt=\"\" width=\"300\" height=\"300\" \/>Ara fa tres anys s\u2019enregistrava a l\u2019esgl\u00e9sia metodista de Tallinn l\u2019obra\u00a0<em>Reminiscentiae\u00a0<\/em>(\u2018Reminisc\u00e8ncies\u2019), del compositor estoni\u00e0 Veljo Tormis (1930-2017).<br \/>\nTormis va compondre obres corals basades en la can\u00e7\u00f3 popular i la poesia de lleng\u00fces que ara estan desapareixent o s\u2019han extingit. La bellesa, el ritual i la poesia formen part de la seva m\u00fasica. El seu comprom\u00eds amb la societat es va estendre m\u00e9s enll\u00e0 de la independ\u00e8ncia nacional a les q\u00fcestions ambientals, l\u2019exclusi\u00f3 social i el buit de la pol\u00edtica moderna. Tormis va ser un pensador universal que va deixar com a llegat una m\u00fasica extraordin\u00e0ria, serena, reveladora.<br \/>\nAmb el t\u00edtol d\u2019aquest \u00e0lbum, que s\u2019inicia amb els tocs de campanes, dos sopranos, cor i recitador, es fa refer\u00e8ncia a la mem\u00f2ria d\u2019una mem\u00f2ria, segons explica Miina P\u00e4rn a les notes del disc. La m\u00fasica popular estoniana va ser el referent d\u2019uns pocs que van tenir la valentia de custodiar l\u2019obra d\u2019origen popular d\u2019Est\u00f2nia, m\u00fasica i poemes, davant l\u2019opressi\u00f3 i ocupaci\u00f3 de R\u00fassia.<br \/>\nEl director T\u00f5nu Kaljuste, que sentia una gran admiraci\u00f3 pel mestre Tormis, dirigeix les veus del magn\u00edfic Cor de Cambra Filharm\u00f2nic Estoni\u00e0 amb peces d\u2019una nuesa commovedora, tant pels ritmes com per les sensuals l\u00ednies mel\u00f2diques i les refinades harmonies. N\u2019\u00e9s un bell\u00edssim exemple l\u2019obra inicial, \u00a0<em>Tornikell minu k\u00fclas\u00a0<\/em>(\u2018El campanar del meu poble\u2019), escrita el 1978 a partir d\u2019un poema de Fernando Pessoa. Quatre cicles orquestrals, interpretats per l\u2019Orquestra de Cambra de Tallinn, celebren els canvis d\u2019estaci\u00f3: paisatges de tardor, patrons d\u2019hivern, esbossos de primavera, motius d\u2019estiu. Van ser escrits entre 1964 i 2009. S\u2019inclouen en el llibret unes fotografies fetes per T\u00f5nu Kormis, com la que podem veure a la coberta del disc, que evoquen el silenci de la natura.<\/p>\n<p>Look more: <a href=\"https:\/\/sonograma.org\/suplement-de-discos\/reminiscentiae\/\">Sonograma Magazine<\/a><\/p>\n<p>&nbsp;<\/p>\n","protected":false},"excerpt":{"rendered":"<p>T\u00edtol:\u00a0Reminiscentiae Autor:\u00a0Veljo Tormis Int\u00e8rprets:\u00a0Estonian Philharmonic Chamber Choir, Tallinn Chamber Orchestra Direcci\u00f3:\u00a0T\u00f5nu Kaljuste Segell discogr\u00e0fic:\u00a0ECM Records Ara fa tres anys s\u2019enregistrava a l\u2019esgl\u00e9sia metodista de Tallinn l\u2019obra\u00a0Reminiscentiae\u00a0(\u2018Reminisc\u00e8ncies\u2019), del compositor estoni\u00e0 Veljo Tormis (1930-2017). Tormis va compondre obres corals basades en la can\u00e7\u00f3 popular i la poesia de lleng\u00fces que ara estan desapareixent o s\u2019han extingit. La [&hellip;]<\/p>\n","protected":false},"author":2,"featured_media":0,"comment_status":"closed","ping_status":"closed","sticky":false,"template":"","format":"standard","meta":{"_acf_changed":false,"footnotes":""},"categories":[9],"tags":[],"class_list":["post-21857","post","type-post","status-publish","format-standard","hentry","category-media"],"acf":[],"yoast_head":"<!-- This site is optimized with the Yoast SEO plugin v26.3 - https:\/\/yoast.com\/wordpress\/plugins\/seo\/ -->\n<title>Review. REMINISCENTIAE - Estonian Philharmonic Chamber Choir<\/title>\n<meta name=\"robots\" content=\"index, follow, max-snippet:-1, max-image-preview:large, max-video-preview:-1\" \/>\n<link rel=\"canonical\" href=\"https:\/\/www.epcc.ee\/en\/2023\/11\/arvustus-reminiscentiae\/\" \/>\n<meta property=\"og:locale\" content=\"en_US\" \/>\n<meta property=\"og:type\" content=\"article\" \/>\n<meta property=\"og:title\" content=\"Review. REMINISCENTIAE - Estonian Philharmonic Chamber Choir\" \/>\n<meta property=\"og:description\" content=\"T\u00edtol:\u00a0Reminiscentiae Autor:\u00a0Veljo Tormis Int\u00e8rprets:\u00a0Estonian Philharmonic Chamber Choir, Tallinn Chamber Orchestra Direcci\u00f3:\u00a0T\u00f5nu Kaljuste Segell discogr\u00e0fic:\u00a0ECM Records Ara fa tres anys s\u2019enregistrava a l\u2019esgl\u00e9sia metodista de Tallinn l\u2019obra\u00a0Reminiscentiae\u00a0(\u2018Reminisc\u00e8ncies\u2019), del compositor estoni\u00e0 Veljo Tormis (1930-2017). Tormis va compondre obres corals basades en la can\u00e7\u00f3 popular i la poesia de lleng\u00fces que ara estan desapareixent o s\u2019han extingit. La [&hellip;]\" \/>\n<meta property=\"og:url\" content=\"https:\/\/www.epcc.ee\/en\/2023\/11\/arvustus-reminiscentiae\/\" \/>\n<meta property=\"og:site_name\" content=\"Estonian Philharmonic Chamber Choir\" \/>\n<meta property=\"article:publisher\" content=\"https:\/\/www.facebook.com\/kammerkoor\/\" \/>\n<meta property=\"article:published_time\" content=\"2023-11-29T13:02:54+00:00\" \/>\n<meta property=\"article:modified_time\" content=\"2023-11-30T09:04:24+00:00\" \/>\n<meta property=\"og:image\" content=\"https:\/\/sonograma.org\/suplement-de-discos\/wp-content\/uploads\/sites\/3\/2023\/11\/Sonograma-Magazine-Reminiscentiae.jpg\" \/>\n<meta name=\"author\" content=\"epcc\" \/>\n<meta name=\"twitter:card\" content=\"summary_large_image\" \/>\n<meta name=\"twitter:label1\" content=\"Written by\" \/>\n\t<meta name=\"twitter:data1\" content=\"epcc\" \/>\n\t<meta name=\"twitter:label2\" content=\"Est. reading time\" \/>\n\t<meta name=\"twitter:data2\" content=\"2 minutes\" \/>\n<script type=\"application\/ld+json\" class=\"yoast-schema-graph\">{\"@context\":\"https:\/\/schema.org\",\"@graph\":[{\"@type\":\"Article\",\"@id\":\"https:\/\/www.epcc.ee\/en\/2023\/11\/arvustus-reminiscentiae\/#article\",\"isPartOf\":{\"@id\":\"https:\/\/www.epcc.ee\/en\/2023\/11\/arvustus-reminiscentiae\/\"},\"author\":{\"name\":\"epcc\",\"@id\":\"https:\/\/www.epcc.ee\/#\/schema\/person\/c7335228c20d567fa07b901fe5ca1e95\"},\"headline\":\"Review. REMINISCENTIAE\",\"datePublished\":\"2023-11-29T13:02:54+00:00\",\"dateModified\":\"2023-11-30T09:04:24+00:00\",\"mainEntityOfPage\":{\"@id\":\"https:\/\/www.epcc.ee\/en\/2023\/11\/arvustus-reminiscentiae\/\"},\"wordCount\":363,\"publisher\":{\"@id\":\"https:\/\/www.epcc.ee\/#organization\"},\"image\":{\"@id\":\"https:\/\/www.epcc.ee\/en\/2023\/11\/arvustus-reminiscentiae\/#primaryimage\"},\"thumbnailUrl\":\"https:\/\/sonograma.org\/suplement-de-discos\/wp-content\/uploads\/sites\/3\/2023\/11\/Sonograma-Magazine-Reminiscentiae.jpg\",\"articleSection\":[\"Media\"],\"inLanguage\":\"en-US\"},{\"@type\":\"WebPage\",\"@id\":\"https:\/\/www.epcc.ee\/en\/2023\/11\/arvustus-reminiscentiae\/\",\"url\":\"https:\/\/www.epcc.ee\/en\/2023\/11\/arvustus-reminiscentiae\/\",\"name\":\"Review. REMINISCENTIAE - Estonian Philharmonic Chamber Choir\",\"isPartOf\":{\"@id\":\"https:\/\/www.epcc.ee\/#website\"},\"primaryImageOfPage\":{\"@id\":\"https:\/\/www.epcc.ee\/en\/2023\/11\/arvustus-reminiscentiae\/#primaryimage\"},\"image\":{\"@id\":\"https:\/\/www.epcc.ee\/en\/2023\/11\/arvustus-reminiscentiae\/#primaryimage\"},\"thumbnailUrl\":\"https:\/\/sonograma.org\/suplement-de-discos\/wp-content\/uploads\/sites\/3\/2023\/11\/Sonograma-Magazine-Reminiscentiae.jpg\",\"datePublished\":\"2023-11-29T13:02:54+00:00\",\"dateModified\":\"2023-11-30T09:04:24+00:00\",\"breadcrumb\":{\"@id\":\"https:\/\/www.epcc.ee\/en\/2023\/11\/arvustus-reminiscentiae\/#breadcrumb\"},\"inLanguage\":\"en-US\",\"potentialAction\":[{\"@type\":\"ReadAction\",\"target\":[\"https:\/\/www.epcc.ee\/en\/2023\/11\/arvustus-reminiscentiae\/\"]}]},{\"@type\":\"ImageObject\",\"inLanguage\":\"en-US\",\"@id\":\"https:\/\/www.epcc.ee\/en\/2023\/11\/arvustus-reminiscentiae\/#primaryimage\",\"url\":\"https:\/\/sonograma.org\/suplement-de-discos\/wp-content\/uploads\/sites\/3\/2023\/11\/Sonograma-Magazine-Reminiscentiae.jpg\",\"contentUrl\":\"https:\/\/sonograma.org\/suplement-de-discos\/wp-content\/uploads\/sites\/3\/2023\/11\/Sonograma-Magazine-Reminiscentiae.jpg\"},{\"@type\":\"BreadcrumbList\",\"@id\":\"https:\/\/www.epcc.ee\/en\/2023\/11\/arvustus-reminiscentiae\/#breadcrumb\",\"itemListElement\":[{\"@type\":\"ListItem\",\"position\":1,\"name\":\"Home\",\"item\":\"https:\/\/www.epcc.ee\/\"},{\"@type\":\"ListItem\",\"position\":2,\"name\":\"Review. REMINISCENTIAE\"}]},{\"@type\":\"WebSite\",\"@id\":\"https:\/\/www.epcc.ee\/#website\",\"url\":\"https:\/\/www.epcc.ee\/\",\"name\":\"Eesti Filharmoonia Kammerkoor\",\"description\":\"\",\"publisher\":{\"@id\":\"https:\/\/www.epcc.ee\/#organization\"},\"potentialAction\":[{\"@type\":\"SearchAction\",\"target\":{\"@type\":\"EntryPoint\",\"urlTemplate\":\"https:\/\/www.epcc.ee\/?s={search_term_string}\"},\"query-input\":{\"@type\":\"PropertyValueSpecification\",\"valueRequired\":true,\"valueName\":\"search_term_string\"}}],\"inLanguage\":\"en-US\"},{\"@type\":\"Organization\",\"@id\":\"https:\/\/www.epcc.ee\/#organization\",\"name\":\"Eesti Filharmoonia Kammerkoor\",\"url\":\"https:\/\/www.epcc.ee\/\",\"logo\":{\"@type\":\"ImageObject\",\"inLanguage\":\"en-US\",\"@id\":\"https:\/\/www.epcc.ee\/#\/schema\/logo\/image\/\",\"url\":\"https:\/\/www.epcc.ee\/wp-content\/uploads\/2020\/10\/EFK-logo-2020-est-RGB-png.png\",\"contentUrl\":\"https:\/\/www.epcc.ee\/wp-content\/uploads\/2020\/10\/EFK-logo-2020-est-RGB-png.png\",\"width\":866,\"height\":247,\"caption\":\"Eesti Filharmoonia Kammerkoor\"},\"image\":{\"@id\":\"https:\/\/www.epcc.ee\/#\/schema\/logo\/image\/\"},\"sameAs\":[\"https:\/\/www.facebook.com\/kammerkoor\/\",\"https:\/\/www.youtube.com\/user\/epccclassics\"]},{\"@type\":\"Person\",\"@id\":\"https:\/\/www.epcc.ee\/#\/schema\/person\/c7335228c20d567fa07b901fe5ca1e95\",\"name\":\"epcc\",\"image\":{\"@type\":\"ImageObject\",\"inLanguage\":\"en-US\",\"@id\":\"https:\/\/www.epcc.ee\/#\/schema\/person\/image\/\",\"url\":\"https:\/\/secure.gravatar.com\/avatar\/82c79155df3c5b578b02bfa991733320?s=96&d=blank&r=g\",\"contentUrl\":\"https:\/\/secure.gravatar.com\/avatar\/82c79155df3c5b578b02bfa991733320?s=96&d=blank&r=g\",\"caption\":\"epcc\"}}]}<\/script>\n<!-- \/ Yoast SEO plugin. -->","yoast_head_json":{"title":"Review. REMINISCENTIAE - Estonian Philharmonic Chamber Choir","robots":{"index":"index","follow":"follow","max-snippet":"max-snippet:-1","max-image-preview":"max-image-preview:large","max-video-preview":"max-video-preview:-1"},"canonical":"https:\/\/www.epcc.ee\/en\/2023\/11\/arvustus-reminiscentiae\/","og_locale":"en_US","og_type":"article","og_title":"Review. REMINISCENTIAE - Estonian Philharmonic Chamber Choir","og_description":"T\u00edtol:\u00a0Reminiscentiae Autor:\u00a0Veljo Tormis Int\u00e8rprets:\u00a0Estonian Philharmonic Chamber Choir, Tallinn Chamber Orchestra Direcci\u00f3:\u00a0T\u00f5nu Kaljuste Segell discogr\u00e0fic:\u00a0ECM Records Ara fa tres anys s\u2019enregistrava a l\u2019esgl\u00e9sia metodista de Tallinn l\u2019obra\u00a0Reminiscentiae\u00a0(\u2018Reminisc\u00e8ncies\u2019), del compositor estoni\u00e0 Veljo Tormis (1930-2017). Tormis va compondre obres corals basades en la can\u00e7\u00f3 popular i la poesia de lleng\u00fces que ara estan desapareixent o s\u2019han extingit. La [&hellip;]","og_url":"https:\/\/www.epcc.ee\/en\/2023\/11\/arvustus-reminiscentiae\/","og_site_name":"Estonian Philharmonic Chamber Choir","article_publisher":"https:\/\/www.facebook.com\/kammerkoor\/","article_published_time":"2023-11-29T13:02:54+00:00","article_modified_time":"2023-11-30T09:04:24+00:00","og_image":[{"url":"https:\/\/sonograma.org\/suplement-de-discos\/wp-content\/uploads\/sites\/3\/2023\/11\/Sonograma-Magazine-Reminiscentiae.jpg","type":"","width":"","height":""}],"author":"epcc","twitter_card":"summary_large_image","twitter_misc":{"Written by":"epcc","Est. reading time":"2 minutes"},"schema":{"@context":"https:\/\/schema.org","@graph":[{"@type":"Article","@id":"https:\/\/www.epcc.ee\/en\/2023\/11\/arvustus-reminiscentiae\/#article","isPartOf":{"@id":"https:\/\/www.epcc.ee\/en\/2023\/11\/arvustus-reminiscentiae\/"},"author":{"name":"epcc","@id":"https:\/\/www.epcc.ee\/#\/schema\/person\/c7335228c20d567fa07b901fe5ca1e95"},"headline":"Review. REMINISCENTIAE","datePublished":"2023-11-29T13:02:54+00:00","dateModified":"2023-11-30T09:04:24+00:00","mainEntityOfPage":{"@id":"https:\/\/www.epcc.ee\/en\/2023\/11\/arvustus-reminiscentiae\/"},"wordCount":363,"publisher":{"@id":"https:\/\/www.epcc.ee\/#organization"},"image":{"@id":"https:\/\/www.epcc.ee\/en\/2023\/11\/arvustus-reminiscentiae\/#primaryimage"},"thumbnailUrl":"https:\/\/sonograma.org\/suplement-de-discos\/wp-content\/uploads\/sites\/3\/2023\/11\/Sonograma-Magazine-Reminiscentiae.jpg","articleSection":["Media"],"inLanguage":"en-US"},{"@type":"WebPage","@id":"https:\/\/www.epcc.ee\/en\/2023\/11\/arvustus-reminiscentiae\/","url":"https:\/\/www.epcc.ee\/en\/2023\/11\/arvustus-reminiscentiae\/","name":"Review. REMINISCENTIAE - Estonian Philharmonic Chamber Choir","isPartOf":{"@id":"https:\/\/www.epcc.ee\/#website"},"primaryImageOfPage":{"@id":"https:\/\/www.epcc.ee\/en\/2023\/11\/arvustus-reminiscentiae\/#primaryimage"},"image":{"@id":"https:\/\/www.epcc.ee\/en\/2023\/11\/arvustus-reminiscentiae\/#primaryimage"},"thumbnailUrl":"https:\/\/sonograma.org\/suplement-de-discos\/wp-content\/uploads\/sites\/3\/2023\/11\/Sonograma-Magazine-Reminiscentiae.jpg","datePublished":"2023-11-29T13:02:54+00:00","dateModified":"2023-11-30T09:04:24+00:00","breadcrumb":{"@id":"https:\/\/www.epcc.ee\/en\/2023\/11\/arvustus-reminiscentiae\/#breadcrumb"},"inLanguage":"en-US","potentialAction":[{"@type":"ReadAction","target":["https:\/\/www.epcc.ee\/en\/2023\/11\/arvustus-reminiscentiae\/"]}]},{"@type":"ImageObject","inLanguage":"en-US","@id":"https:\/\/www.epcc.ee\/en\/2023\/11\/arvustus-reminiscentiae\/#primaryimage","url":"https:\/\/sonograma.org\/suplement-de-discos\/wp-content\/uploads\/sites\/3\/2023\/11\/Sonograma-Magazine-Reminiscentiae.jpg","contentUrl":"https:\/\/sonograma.org\/suplement-de-discos\/wp-content\/uploads\/sites\/3\/2023\/11\/Sonograma-Magazine-Reminiscentiae.jpg"},{"@type":"BreadcrumbList","@id":"https:\/\/www.epcc.ee\/en\/2023\/11\/arvustus-reminiscentiae\/#breadcrumb","itemListElement":[{"@type":"ListItem","position":1,"name":"Home","item":"https:\/\/www.epcc.ee\/"},{"@type":"ListItem","position":2,"name":"Review. REMINISCENTIAE"}]},{"@type":"WebSite","@id":"https:\/\/www.epcc.ee\/#website","url":"https:\/\/www.epcc.ee\/","name":"Eesti Filharmoonia Kammerkoor","description":"","publisher":{"@id":"https:\/\/www.epcc.ee\/#organization"},"potentialAction":[{"@type":"SearchAction","target":{"@type":"EntryPoint","urlTemplate":"https:\/\/www.epcc.ee\/?s={search_term_string}"},"query-input":{"@type":"PropertyValueSpecification","valueRequired":true,"valueName":"search_term_string"}}],"inLanguage":"en-US"},{"@type":"Organization","@id":"https:\/\/www.epcc.ee\/#organization","name":"Eesti Filharmoonia Kammerkoor","url":"https:\/\/www.epcc.ee\/","logo":{"@type":"ImageObject","inLanguage":"en-US","@id":"https:\/\/www.epcc.ee\/#\/schema\/logo\/image\/","url":"https:\/\/www.epcc.ee\/wp-content\/uploads\/2020\/10\/EFK-logo-2020-est-RGB-png.png","contentUrl":"https:\/\/www.epcc.ee\/wp-content\/uploads\/2020\/10\/EFK-logo-2020-est-RGB-png.png","width":866,"height":247,"caption":"Eesti Filharmoonia Kammerkoor"},"image":{"@id":"https:\/\/www.epcc.ee\/#\/schema\/logo\/image\/"},"sameAs":["https:\/\/www.facebook.com\/kammerkoor\/","https:\/\/www.youtube.com\/user\/epccclassics"]},{"@type":"Person","@id":"https:\/\/www.epcc.ee\/#\/schema\/person\/c7335228c20d567fa07b901fe5ca1e95","name":"epcc","image":{"@type":"ImageObject","inLanguage":"en-US","@id":"https:\/\/www.epcc.ee\/#\/schema\/person\/image\/","url":"https:\/\/secure.gravatar.com\/avatar\/82c79155df3c5b578b02bfa991733320?s=96&d=blank&r=g","contentUrl":"https:\/\/secure.gravatar.com\/avatar\/82c79155df3c5b578b02bfa991733320?s=96&d=blank&r=g","caption":"epcc"}}]}},"_links":{"self":[{"href":"https:\/\/www.epcc.ee\/en\/wp-json\/wp\/v2\/posts\/21857","targetHints":{"allow":["GET"]}}],"collection":[{"href":"https:\/\/www.epcc.ee\/en\/wp-json\/wp\/v2\/posts"}],"about":[{"href":"https:\/\/www.epcc.ee\/en\/wp-json\/wp\/v2\/types\/post"}],"author":[{"embeddable":true,"href":"https:\/\/www.epcc.ee\/en\/wp-json\/wp\/v2\/users\/2"}],"replies":[{"embeddable":true,"href":"https:\/\/www.epcc.ee\/en\/wp-json\/wp\/v2\/comments?post=21857"}],"version-history":[{"count":0,"href":"https:\/\/www.epcc.ee\/en\/wp-json\/wp\/v2\/posts\/21857\/revisions"}],"wp:attachment":[{"href":"https:\/\/www.epcc.ee\/en\/wp-json\/wp\/v2\/media?parent=21857"}],"wp:term":[{"taxonomy":"category","embeddable":true,"href":"https:\/\/www.epcc.ee\/en\/wp-json\/wp\/v2\/categories?post=21857"},{"taxonomy":"post_tag","embeddable":true,"href":"https:\/\/www.epcc.ee\/en\/wp-json\/wp\/v2\/tags?post=21857"}],"curies":[{"name":"wp","href":"https:\/\/api.w.org\/{rel}","templated":true}]}}