{"id":21828,"date":"2023-10-23T19:47:24","date_gmt":"2023-10-23T16:47:24","guid":{"rendered":"https:\/\/www.epcc.ee\/2023\/10\/efk-kontserdireisi-usas-ja-kanadas-toetab-eesti-rahvuskomitee-uhendriikides\/"},"modified":"2023-11-09T11:03:57","modified_gmt":"2023-11-09T09:03:57","slug":"efk-kontserdireisi-usas-ja-kanadas-toetab-eesti-rahvuskomitee-uhendriikides","status":"publish","type":"post","link":"https:\/\/www.epcc.ee\/en\/2023\/10\/efk-kontserdireisi-usas-ja-kanadas-toetab-eesti-rahvuskomitee-uhendriikides\/","title":{"rendered":"EPCC concert tour in the United States and Canada is supported by the Estonian American National Council"},"content":{"rendered":"<p>In February 2024, the Estonian Philharmonic Chamber Choir (EPCC) together with maestro T\u00f5nu Kaljuste, conductor, will again embark on a long-awaited concert tour to the United States and Canada after a five-year hiatus. The 2024 tour is supported by the Estonian American National Council (EANC\/ERK\u00dc), which has been committed to preserving and promoting Estonian culture in the US for more than 70 years.<\/p>\n<p>The EPCC concerts are scheduled for February 1 \u2013 8, 2024 at St. Ignatius Loyola Church in New York, St. Paul&#8217;s Basilica in Toronto, St. John&#8217;s Episcopal Church in Georgetown &#8211; Washington, DC,<br \/>\nand the Episcopal Cathedral in Philadelphia. In addition to Early Music, performance repertoires will include works by Arvo P\u00e4rt, who last year was once again chosen as the most performed living composer in the world.<\/p>\n<p>The Estonian Philharmonic Chamber Choir&#8217;s cultural ties with the US date back to 1990, when cross-Atlantic tours occurred consistently every two or three years in various venues on both the East and West Coasts. From 2013 &#8211; 2018, the chamber choir gave concerts in the US almost every year, including performances on the most famous of stages: Carnegie Hall in New York City, The Kennedy Center in Washington, DC, and The Walt Disney Concert Hall in Los Angeles. At its concerts, EPCC has always introduced Estonian composers, and as a result, the chamber choir has developed its own knowledgeable audience and dedicated followers who are keenly interested in Estonian music, as evidenced by full concert halls. The February 2024 concert tour marks the choir\u2019s 17th U.S. tour and is organized by the New World Classics artist management company and its Director, Kerby Lovallo, with whom the choir has successfully collaborated with since 1995.<\/p>\n<p>According to Esper Linnam\u00e4gi, CEO of the Estonian Philharmonic Chamber Choir, the previous U.S. tours that were scheduled two years ago were cancelled because of Covid. But the lingering impacts of the pandemic, together with the increasingly complex economic conditions, still continue to be felt today. &#8220;Many leading U.S. chamber music organizations went bankrupt during this time, so now there are fewer organizers. Inflation has also had an impact, while concert royalties have remained the same. This means financing tours in the US, as well as elsewhere, has become more and more difficult in the field of classical music.&#8221;<\/p>\n<p>Linnam\u00e4gi adds that the choir has had a well-developed market in the US, and thus Estonian music and musicians have always been awaited by audiences. However, the break in tours during the pandemic carried with it the risk of a break in continuity, a gap in which the audience could start to forget. &#8220;Thanks to the Estonian American National Council\u2019s support, we can still restore these connections,&#8221; says Linnam\u00e4gi.<\/p>\n<p>The Estonian American National (EANC), the EPCC&#8217;s concert tour partner and supporter, was established in New York in 1952 as the voice of the Estonian American community, to unite Estonians living in the United States and to support the restoration of Estonia&#8217;s independence. Since the restoration of Estonia&#8217;s independence in 1991, EANC has focused on supporting Estonian cultural activities and organizations in the United States and continues to stand for Estonian and Estonian American interests, working to raise awareness of Estonia among all Americans.<\/p>\n<p>According to EANC Executive Director Leelo Linask, this cooperation is a great opportunity to continue introducing Estonian musical traditions not only to the music world, but also to a wider American audience. &#8220;This concert tour gives even more insight into the rich culture of Estonia, the magic of composer Arvo P\u00e4rt, and renowned conductor T\u00f5nu Kaljuste with the Estonian Philharmonic Chamber Choir, and in doing so creates new ties between the US and Estonia.&#8221;<\/p>\n<p>For more than 42 years, the activities of the Estonian Philharmonic Chamber Choir and conductor T\u00f5nu Kaljuste have brought the works of many Estonian composers to the world, including those of Arvo P\u00e4rt, Veljo Tormis, Erkki-Sven T\u00fc\u00fcr, T\u00f5nu K\u00f5rvits, Cyrillus Kreek, and others. EPCC&#8217;s most internationally-acclaimed recordings include the Grammy award-winning records &#8220;Arvo P\u00e4rt. Da Pacem&#8221; (Harmonia Mundi, 2007) and &#8220;Arvo P\u00e4rt. Adam&#8217;s Lament&#8221; (ECM, 2013); EPCC has 16 Grammy nominations over the years.<\/p>\n<p>The concert tour is organized in cooperation with the Embassy of Estonia in Washington, D.C., the Consulate General of Estonia in New York, the Ministry of Foreign Affairs of the Republic of Estonia, and the Ministry of Culture of the Republic of Estonia.<\/p>\n<p>Read more about EANC activities and Estonia here: https:\/\/www.estosite.org\/<\/p>\n<p>Pictured: (Former) EANC President Marju Rink-Abel and EPCC board member Esper Linnam\u00e4gi; Tallinn, Summer 2023.<\/p>\n<p>&nbsp;<\/p>\n","protected":false},"excerpt":{"rendered":"<p>In February 2024, the Estonian Philharmonic Chamber Choir (EPCC) together with maestro T\u00f5nu Kaljuste, conductor, will again embark on a long-awaited concert tour to the United States and Canada after a five-year hiatus. The 2024 tour is supported by the Estonian American National Council (EANC\/ERK\u00dc), which has been committed to preserving and promoting Estonian culture [&hellip;]<\/p>\n","protected":false},"author":2,"featured_media":21793,"comment_status":"closed","ping_status":"closed","sticky":false,"template":"","format":"standard","meta":{"_acf_changed":false,"footnotes":""},"categories":[7],"tags":[],"class_list":["post-21828","post","type-post","status-publish","format-standard","has-post-thumbnail","hentry","category-news"],"acf":[],"yoast_head":"<!-- This site is optimized with the Yoast SEO plugin v26.3 - https:\/\/yoast.com\/wordpress\/plugins\/seo\/ -->\n<title>EPCC concert tour in the United States and Canada is supported by the Estonian American National Council - Estonian Philharmonic Chamber Choir<\/title>\n<meta name=\"robots\" content=\"index, follow, max-snippet:-1, max-image-preview:large, max-video-preview:-1\" \/>\n<link rel=\"canonical\" href=\"https:\/\/www.epcc.ee\/en\/2023\/10\/efk-kontserdireisi-usas-ja-kanadas-toetab-eesti-rahvuskomitee-uhendriikides\/\" \/>\n<meta property=\"og:locale\" content=\"en_US\" \/>\n<meta property=\"og:type\" content=\"article\" \/>\n<meta property=\"og:title\" content=\"EPCC concert tour in the United States and Canada is supported by the Estonian American National Council - Estonian Philharmonic Chamber Choir\" \/>\n<meta property=\"og:description\" content=\"In February 2024, the Estonian Philharmonic Chamber Choir (EPCC) together with maestro T\u00f5nu Kaljuste, conductor, will again embark on a long-awaited concert tour to the United States and Canada after a five-year hiatus. The 2024 tour is supported by the Estonian American National Council (EANC\/ERK\u00dc), which has been committed to preserving and promoting Estonian culture [&hellip;]\" \/>\n<meta property=\"og:url\" content=\"https:\/\/www.epcc.ee\/en\/2023\/10\/efk-kontserdireisi-usas-ja-kanadas-toetab-eesti-rahvuskomitee-uhendriikides\/\" \/>\n<meta property=\"og:site_name\" content=\"Estonian Philharmonic Chamber Choir\" \/>\n<meta property=\"article:publisher\" content=\"https:\/\/www.facebook.com\/kammerkoor\/\" \/>\n<meta property=\"article:published_time\" content=\"2023-10-23T16:47:24+00:00\" \/>\n<meta property=\"article:modified_time\" content=\"2023-11-09T09:03:57+00:00\" \/>\n<meta property=\"og:image\" content=\"https:\/\/www.epcc.ee\/wp-content\/uploads\/2023\/10\/esper-linnamagi-marju-erku-23-08-2023.jpg\" \/>\n\t<meta property=\"og:image:width\" content=\"1794\" \/>\n\t<meta property=\"og:image:height\" content=\"2400\" \/>\n\t<meta property=\"og:image:type\" content=\"image\/jpeg\" \/>\n<meta name=\"author\" content=\"epcc\" \/>\n<meta name=\"twitter:card\" content=\"summary_large_image\" \/>\n<meta name=\"twitter:label1\" content=\"Written by\" \/>\n\t<meta name=\"twitter:data1\" content=\"epcc\" \/>\n\t<meta name=\"twitter:label2\" content=\"Est. reading time\" \/>\n\t<meta name=\"twitter:data2\" content=\"4 minutes\" \/>\n<script type=\"application\/ld+json\" class=\"yoast-schema-graph\">{\"@context\":\"https:\/\/schema.org\",\"@graph\":[{\"@type\":\"Article\",\"@id\":\"https:\/\/www.epcc.ee\/en\/2023\/10\/efk-kontserdireisi-usas-ja-kanadas-toetab-eesti-rahvuskomitee-uhendriikides\/#article\",\"isPartOf\":{\"@id\":\"https:\/\/www.epcc.ee\/en\/2023\/10\/efk-kontserdireisi-usas-ja-kanadas-toetab-eesti-rahvuskomitee-uhendriikides\/\"},\"author\":{\"name\":\"epcc\",\"@id\":\"https:\/\/www.epcc.ee\/#\/schema\/person\/c7335228c20d567fa07b901fe5ca1e95\"},\"headline\":\"EPCC concert tour in the United States and Canada is supported by the Estonian American National Council\",\"datePublished\":\"2023-10-23T16:47:24+00:00\",\"dateModified\":\"2023-11-09T09:03:57+00:00\",\"mainEntityOfPage\":{\"@id\":\"https:\/\/www.epcc.ee\/en\/2023\/10\/efk-kontserdireisi-usas-ja-kanadas-toetab-eesti-rahvuskomitee-uhendriikides\/\"},\"wordCount\":783,\"publisher\":{\"@id\":\"https:\/\/www.epcc.ee\/#organization\"},\"image\":{\"@id\":\"https:\/\/www.epcc.ee\/en\/2023\/10\/efk-kontserdireisi-usas-ja-kanadas-toetab-eesti-rahvuskomitee-uhendriikides\/#primaryimage\"},\"thumbnailUrl\":\"https:\/\/www.epcc.ee\/wp-content\/uploads\/2023\/10\/esper-linnamagi-marju-erku-23-08-2023.jpg\",\"articleSection\":[\"News\"],\"inLanguage\":\"en-US\"},{\"@type\":\"WebPage\",\"@id\":\"https:\/\/www.epcc.ee\/en\/2023\/10\/efk-kontserdireisi-usas-ja-kanadas-toetab-eesti-rahvuskomitee-uhendriikides\/\",\"url\":\"https:\/\/www.epcc.ee\/en\/2023\/10\/efk-kontserdireisi-usas-ja-kanadas-toetab-eesti-rahvuskomitee-uhendriikides\/\",\"name\":\"EPCC concert tour in the United States and Canada is supported by the Estonian American National Council - Estonian Philharmonic Chamber Choir\",\"isPartOf\":{\"@id\":\"https:\/\/www.epcc.ee\/#website\"},\"primaryImageOfPage\":{\"@id\":\"https:\/\/www.epcc.ee\/en\/2023\/10\/efk-kontserdireisi-usas-ja-kanadas-toetab-eesti-rahvuskomitee-uhendriikides\/#primaryimage\"},\"image\":{\"@id\":\"https:\/\/www.epcc.ee\/en\/2023\/10\/efk-kontserdireisi-usas-ja-kanadas-toetab-eesti-rahvuskomitee-uhendriikides\/#primaryimage\"},\"thumbnailUrl\":\"https:\/\/www.epcc.ee\/wp-content\/uploads\/2023\/10\/esper-linnamagi-marju-erku-23-08-2023.jpg\",\"datePublished\":\"2023-10-23T16:47:24+00:00\",\"dateModified\":\"2023-11-09T09:03:57+00:00\",\"breadcrumb\":{\"@id\":\"https:\/\/www.epcc.ee\/en\/2023\/10\/efk-kontserdireisi-usas-ja-kanadas-toetab-eesti-rahvuskomitee-uhendriikides\/#breadcrumb\"},\"inLanguage\":\"en-US\",\"potentialAction\":[{\"@type\":\"ReadAction\",\"target\":[\"https:\/\/www.epcc.ee\/en\/2023\/10\/efk-kontserdireisi-usas-ja-kanadas-toetab-eesti-rahvuskomitee-uhendriikides\/\"]}]},{\"@type\":\"ImageObject\",\"inLanguage\":\"en-US\",\"@id\":\"https:\/\/www.epcc.ee\/en\/2023\/10\/efk-kontserdireisi-usas-ja-kanadas-toetab-eesti-rahvuskomitee-uhendriikides\/#primaryimage\",\"url\":\"https:\/\/www.epcc.ee\/wp-content\/uploads\/2023\/10\/esper-linnamagi-marju-erku-23-08-2023.jpg\",\"contentUrl\":\"https:\/\/www.epcc.ee\/wp-content\/uploads\/2023\/10\/esper-linnamagi-marju-erku-23-08-2023.jpg\",\"width\":1794,\"height\":2400},{\"@type\":\"BreadcrumbList\",\"@id\":\"https:\/\/www.epcc.ee\/en\/2023\/10\/efk-kontserdireisi-usas-ja-kanadas-toetab-eesti-rahvuskomitee-uhendriikides\/#breadcrumb\",\"itemListElement\":[{\"@type\":\"ListItem\",\"position\":1,\"name\":\"Home\",\"item\":\"https:\/\/www.epcc.ee\/\"},{\"@type\":\"ListItem\",\"position\":2,\"name\":\"EPCC concert tour in the United States and Canada is supported by the Estonian American National Council\"}]},{\"@type\":\"WebSite\",\"@id\":\"https:\/\/www.epcc.ee\/#website\",\"url\":\"https:\/\/www.epcc.ee\/\",\"name\":\"Eesti Filharmoonia Kammerkoor\",\"description\":\"\",\"publisher\":{\"@id\":\"https:\/\/www.epcc.ee\/#organization\"},\"potentialAction\":[{\"@type\":\"SearchAction\",\"target\":{\"@type\":\"EntryPoint\",\"urlTemplate\":\"https:\/\/www.epcc.ee\/?s={search_term_string}\"},\"query-input\":{\"@type\":\"PropertyValueSpecification\",\"valueRequired\":true,\"valueName\":\"search_term_string\"}}],\"inLanguage\":\"en-US\"},{\"@type\":\"Organization\",\"@id\":\"https:\/\/www.epcc.ee\/#organization\",\"name\":\"Eesti Filharmoonia Kammerkoor\",\"url\":\"https:\/\/www.epcc.ee\/\",\"logo\":{\"@type\":\"ImageObject\",\"inLanguage\":\"en-US\",\"@id\":\"https:\/\/www.epcc.ee\/#\/schema\/logo\/image\/\",\"url\":\"https:\/\/www.epcc.ee\/wp-content\/uploads\/2020\/10\/EFK-logo-2020-est-RGB-png.png\",\"contentUrl\":\"https:\/\/www.epcc.ee\/wp-content\/uploads\/2020\/10\/EFK-logo-2020-est-RGB-png.png\",\"width\":866,\"height\":247,\"caption\":\"Eesti Filharmoonia Kammerkoor\"},\"image\":{\"@id\":\"https:\/\/www.epcc.ee\/#\/schema\/logo\/image\/\"},\"sameAs\":[\"https:\/\/www.facebook.com\/kammerkoor\/\",\"https:\/\/www.youtube.com\/user\/epccclassics\"]},{\"@type\":\"Person\",\"@id\":\"https:\/\/www.epcc.ee\/#\/schema\/person\/c7335228c20d567fa07b901fe5ca1e95\",\"name\":\"epcc\",\"image\":{\"@type\":\"ImageObject\",\"inLanguage\":\"en-US\",\"@id\":\"https:\/\/www.epcc.ee\/#\/schema\/person\/image\/\",\"url\":\"https:\/\/secure.gravatar.com\/avatar\/82c79155df3c5b578b02bfa991733320?s=96&d=blank&r=g\",\"contentUrl\":\"https:\/\/secure.gravatar.com\/avatar\/82c79155df3c5b578b02bfa991733320?s=96&d=blank&r=g\",\"caption\":\"epcc\"}}]}<\/script>\n<!-- \/ Yoast SEO plugin. -->","yoast_head_json":{"title":"EPCC concert tour in the United States and Canada is supported by the Estonian American National Council - Estonian Philharmonic Chamber Choir","robots":{"index":"index","follow":"follow","max-snippet":"max-snippet:-1","max-image-preview":"max-image-preview:large","max-video-preview":"max-video-preview:-1"},"canonical":"https:\/\/www.epcc.ee\/en\/2023\/10\/efk-kontserdireisi-usas-ja-kanadas-toetab-eesti-rahvuskomitee-uhendriikides\/","og_locale":"en_US","og_type":"article","og_title":"EPCC concert tour in the United States and Canada is supported by the Estonian American National Council - Estonian Philharmonic Chamber Choir","og_description":"In February 2024, the Estonian Philharmonic Chamber Choir (EPCC) together with maestro T\u00f5nu Kaljuste, conductor, will again embark on a long-awaited concert tour to the United States and Canada after a five-year hiatus. The 2024 tour is supported by the Estonian American National Council (EANC\/ERK\u00dc), which has been committed to preserving and promoting Estonian culture [&hellip;]","og_url":"https:\/\/www.epcc.ee\/en\/2023\/10\/efk-kontserdireisi-usas-ja-kanadas-toetab-eesti-rahvuskomitee-uhendriikides\/","og_site_name":"Estonian Philharmonic Chamber Choir","article_publisher":"https:\/\/www.facebook.com\/kammerkoor\/","article_published_time":"2023-10-23T16:47:24+00:00","article_modified_time":"2023-11-09T09:03:57+00:00","og_image":[{"width":1794,"height":2400,"url":"https:\/\/www.epcc.ee\/wp-content\/uploads\/2023\/10\/esper-linnamagi-marju-erku-23-08-2023.jpg","type":"image\/jpeg"}],"author":"epcc","twitter_card":"summary_large_image","twitter_misc":{"Written by":"epcc","Est. reading time":"4 minutes"},"schema":{"@context":"https:\/\/schema.org","@graph":[{"@type":"Article","@id":"https:\/\/www.epcc.ee\/en\/2023\/10\/efk-kontserdireisi-usas-ja-kanadas-toetab-eesti-rahvuskomitee-uhendriikides\/#article","isPartOf":{"@id":"https:\/\/www.epcc.ee\/en\/2023\/10\/efk-kontserdireisi-usas-ja-kanadas-toetab-eesti-rahvuskomitee-uhendriikides\/"},"author":{"name":"epcc","@id":"https:\/\/www.epcc.ee\/#\/schema\/person\/c7335228c20d567fa07b901fe5ca1e95"},"headline":"EPCC concert tour in the United States and Canada is supported by the Estonian American National Council","datePublished":"2023-10-23T16:47:24+00:00","dateModified":"2023-11-09T09:03:57+00:00","mainEntityOfPage":{"@id":"https:\/\/www.epcc.ee\/en\/2023\/10\/efk-kontserdireisi-usas-ja-kanadas-toetab-eesti-rahvuskomitee-uhendriikides\/"},"wordCount":783,"publisher":{"@id":"https:\/\/www.epcc.ee\/#organization"},"image":{"@id":"https:\/\/www.epcc.ee\/en\/2023\/10\/efk-kontserdireisi-usas-ja-kanadas-toetab-eesti-rahvuskomitee-uhendriikides\/#primaryimage"},"thumbnailUrl":"https:\/\/www.epcc.ee\/wp-content\/uploads\/2023\/10\/esper-linnamagi-marju-erku-23-08-2023.jpg","articleSection":["News"],"inLanguage":"en-US"},{"@type":"WebPage","@id":"https:\/\/www.epcc.ee\/en\/2023\/10\/efk-kontserdireisi-usas-ja-kanadas-toetab-eesti-rahvuskomitee-uhendriikides\/","url":"https:\/\/www.epcc.ee\/en\/2023\/10\/efk-kontserdireisi-usas-ja-kanadas-toetab-eesti-rahvuskomitee-uhendriikides\/","name":"EPCC concert tour in the United States and Canada is supported by the Estonian American National Council - Estonian Philharmonic Chamber Choir","isPartOf":{"@id":"https:\/\/www.epcc.ee\/#website"},"primaryImageOfPage":{"@id":"https:\/\/www.epcc.ee\/en\/2023\/10\/efk-kontserdireisi-usas-ja-kanadas-toetab-eesti-rahvuskomitee-uhendriikides\/#primaryimage"},"image":{"@id":"https:\/\/www.epcc.ee\/en\/2023\/10\/efk-kontserdireisi-usas-ja-kanadas-toetab-eesti-rahvuskomitee-uhendriikides\/#primaryimage"},"thumbnailUrl":"https:\/\/www.epcc.ee\/wp-content\/uploads\/2023\/10\/esper-linnamagi-marju-erku-23-08-2023.jpg","datePublished":"2023-10-23T16:47:24+00:00","dateModified":"2023-11-09T09:03:57+00:00","breadcrumb":{"@id":"https:\/\/www.epcc.ee\/en\/2023\/10\/efk-kontserdireisi-usas-ja-kanadas-toetab-eesti-rahvuskomitee-uhendriikides\/#breadcrumb"},"inLanguage":"en-US","potentialAction":[{"@type":"ReadAction","target":["https:\/\/www.epcc.ee\/en\/2023\/10\/efk-kontserdireisi-usas-ja-kanadas-toetab-eesti-rahvuskomitee-uhendriikides\/"]}]},{"@type":"ImageObject","inLanguage":"en-US","@id":"https:\/\/www.epcc.ee\/en\/2023\/10\/efk-kontserdireisi-usas-ja-kanadas-toetab-eesti-rahvuskomitee-uhendriikides\/#primaryimage","url":"https:\/\/www.epcc.ee\/wp-content\/uploads\/2023\/10\/esper-linnamagi-marju-erku-23-08-2023.jpg","contentUrl":"https:\/\/www.epcc.ee\/wp-content\/uploads\/2023\/10\/esper-linnamagi-marju-erku-23-08-2023.jpg","width":1794,"height":2400},{"@type":"BreadcrumbList","@id":"https:\/\/www.epcc.ee\/en\/2023\/10\/efk-kontserdireisi-usas-ja-kanadas-toetab-eesti-rahvuskomitee-uhendriikides\/#breadcrumb","itemListElement":[{"@type":"ListItem","position":1,"name":"Home","item":"https:\/\/www.epcc.ee\/"},{"@type":"ListItem","position":2,"name":"EPCC concert tour in the United States and Canada is supported by the Estonian American National Council"}]},{"@type":"WebSite","@id":"https:\/\/www.epcc.ee\/#website","url":"https:\/\/www.epcc.ee\/","name":"Eesti Filharmoonia Kammerkoor","description":"","publisher":{"@id":"https:\/\/www.epcc.ee\/#organization"},"potentialAction":[{"@type":"SearchAction","target":{"@type":"EntryPoint","urlTemplate":"https:\/\/www.epcc.ee\/?s={search_term_string}"},"query-input":{"@type":"PropertyValueSpecification","valueRequired":true,"valueName":"search_term_string"}}],"inLanguage":"en-US"},{"@type":"Organization","@id":"https:\/\/www.epcc.ee\/#organization","name":"Eesti Filharmoonia Kammerkoor","url":"https:\/\/www.epcc.ee\/","logo":{"@type":"ImageObject","inLanguage":"en-US","@id":"https:\/\/www.epcc.ee\/#\/schema\/logo\/image\/","url":"https:\/\/www.epcc.ee\/wp-content\/uploads\/2020\/10\/EFK-logo-2020-est-RGB-png.png","contentUrl":"https:\/\/www.epcc.ee\/wp-content\/uploads\/2020\/10\/EFK-logo-2020-est-RGB-png.png","width":866,"height":247,"caption":"Eesti Filharmoonia Kammerkoor"},"image":{"@id":"https:\/\/www.epcc.ee\/#\/schema\/logo\/image\/"},"sameAs":["https:\/\/www.facebook.com\/kammerkoor\/","https:\/\/www.youtube.com\/user\/epccclassics"]},{"@type":"Person","@id":"https:\/\/www.epcc.ee\/#\/schema\/person\/c7335228c20d567fa07b901fe5ca1e95","name":"epcc","image":{"@type":"ImageObject","inLanguage":"en-US","@id":"https:\/\/www.epcc.ee\/#\/schema\/person\/image\/","url":"https:\/\/secure.gravatar.com\/avatar\/82c79155df3c5b578b02bfa991733320?s=96&d=blank&r=g","contentUrl":"https:\/\/secure.gravatar.com\/avatar\/82c79155df3c5b578b02bfa991733320?s=96&d=blank&r=g","caption":"epcc"}}]}},"_links":{"self":[{"href":"https:\/\/www.epcc.ee\/en\/wp-json\/wp\/v2\/posts\/21828","targetHints":{"allow":["GET"]}}],"collection":[{"href":"https:\/\/www.epcc.ee\/en\/wp-json\/wp\/v2\/posts"}],"about":[{"href":"https:\/\/www.epcc.ee\/en\/wp-json\/wp\/v2\/types\/post"}],"author":[{"embeddable":true,"href":"https:\/\/www.epcc.ee\/en\/wp-json\/wp\/v2\/users\/2"}],"replies":[{"embeddable":true,"href":"https:\/\/www.epcc.ee\/en\/wp-json\/wp\/v2\/comments?post=21828"}],"version-history":[{"count":0,"href":"https:\/\/www.epcc.ee\/en\/wp-json\/wp\/v2\/posts\/21828\/revisions"}],"wp:featuredmedia":[{"embeddable":true,"href":"https:\/\/www.epcc.ee\/en\/wp-json\/wp\/v2\/media\/21793"}],"wp:attachment":[{"href":"https:\/\/www.epcc.ee\/en\/wp-json\/wp\/v2\/media?parent=21828"}],"wp:term":[{"taxonomy":"category","embeddable":true,"href":"https:\/\/www.epcc.ee\/en\/wp-json\/wp\/v2\/categories?post=21828"},{"taxonomy":"post_tag","embeddable":true,"href":"https:\/\/www.epcc.ee\/en\/wp-json\/wp\/v2\/tags?post=21828"}],"curies":[{"name":"wp","href":"https:\/\/api.w.org\/{rel}","templated":true}]}}