{"id":21734,"date":"2023-09-22T16:50:45","date_gmt":"2023-09-22T13:50:45","guid":{"rendered":"https:\/\/www.epcc.ee\/2023\/09\/tonu-korvits-the-sound-of-wings-3\/"},"modified":"2023-09-22T16:50:45","modified_gmt":"2023-09-22T13:50:45","slug":"tonu-korvits-the-sound-of-wings-3","status":"publish","type":"post","link":"https:\/\/www.epcc.ee\/en\/2023\/09\/tonu-korvits-the-sound-of-wings-3\/","title":{"rendered":"T\u00f5nu K\u00f5rvits. The Sound of Wings"},"content":{"rendered":"<p>Den estnischen Komponisten T\u00f5nu K\u00f5rvits, Jahrgang 1969, verbindet man sicherlich in besonderem Ma\u00dfe mit seinen gr\u00f6\u00dfer angelegten Werken f\u00fcr Chor und Streicher, auch wenn ein genauerer Blick auf sein Werkverzeichnis verr\u00e4t, dass er eigentlich in vielen verschiedenen Besetzungen zu Hause ist. Dennoch scheint die Vokalsinfonik (oder vielleicht eher -kammersinfonik) auf den Komponisten einen besonderen Reiz auszu\u00fcben, und nicht umsonst sind all seine gr\u00f6\u00dfer angelegten Werke dieses Genres rasch auf CD erschienen. So verh\u00e4lt es sich auf der vorliegenden Neuerscheinung auch mit seinem j\u00fcngsten, 2021 vollendeten Gattungsbeitrag, der den Titel Der Klang der Fl\u00fcgel tr\u00e4gt und an die Flugpionierin Amelia Earhart erinnert. Mit dem Estnischen Philharmonischen Kammerchor und dem Tallinner Kammerorchester unter der Leitung von Risto Joost sind Interpreten im Einsatz, die mit K\u00f5rvits\u2019 Klangsprache bestens vertraut sind.<\/p>\n<p><strong>Abstrakt-poetische Hommage an Amelia Earhart<\/strong><br \/>\nBei der Textvorlage der estnischen Dichterin Doris Kareva, die bereits h\u00e4ufiger mit K\u00f5rvits zusammengearbeitet hat, handelt es sich nicht um eine konkrete Nacherz\u00e4hlung von Leben und Wirken Amelia Earharts, sondern um eine Art poetisierte Abstraktion, die Themen wie Luft, Himmel, das Fliegen, Liebe, Tapferkeit oder Hoffnung behandelt \u2013 nicht zuf\u00e4llig f\u00e4llt der Name Amelia Earhart kein einziges Mal. Und so hat auch K\u00f5rvits eine nicht im eigentlichen Sinne deskriptive Musik geschaffen; sein Zyklus von neun Gedichtvertonungen und zwei instrumentalen \u201eBr\u00fccken\u201c (einmal als Einleitung, einmal vor dem res\u00fcmierenden Schlussst\u00fcck) ist eher eine Art Reflexion, Meditation \u00fcber all diese Themen, getragen von einer Atmosph\u00e4re gro\u00dfer Ruhe und Abgekl\u00e4rtheit. Dies korrespondiert mit eher gem\u00e4\u00dfigten, aber nicht demonstrativ langsamen Tempi, meist irgendwo im Bereich etwa zwischen Andante molto und Allegro moderato. Selbst dann, wenn im Text von \u201epurer Freude\u201c die Rede ist (Nr. 2), begreift K\u00f5rvits dies eher intim-verhalten, auch dann, wenn ein \u201eAbgrund\u201c erscheint (Nr. 3), geschieht dies in Form eines Hs in den B\u00e4ssen und dunkel get\u00f6nten Dissonanzen in den tiefen Lagen, aber niemals grell oder aggressiv.<\/p>\n<p><strong>Modal get\u00f6nte Streicherakkordik und volksliedhaftes Melos<\/strong><br \/>\n\u00dcberhaupt liebt K\u00f5rvits sanft ineinander \u00fcbergehende, modal get\u00f6nte Streicherakkordik, gerne mit einer gewissen Ambivalenz zwischen Dur und Moll, was der Musik die Aura eines mild-resignativen L\u00e4chelns und eine gewisse romantische Note verleiht. Die Pr\u00e4gung durch die Minimal Music und nat\u00fcrlich die baltische Schule eines P\u00e4rt oder Vasks ist zwar nicht zu leugnen, aber dabei bleibt es nicht, wie K\u00f5rvits\u2019 Tonsprache \u00fcberhaupt Dogmatismus fremd ist. So k\u00f6nnte man in der Einleitung mit ihrem sacht in Quinten auf- und wieder absteigenden Violasolo, zun\u00e4chst im Flageolett gehalten, auch an Vaughan Williams\u2019 The Lark Ascending denken. Und ganz anders als viele Zeitgenossen auch aus dem Baltikum schreibt K\u00f5rvits eine Musik, in der das Melos eine zentrale Rolle einnimmt, sicherlich geschult am estnischen Volkslied (wie die baltischen L\u00e4nder ja ohnehin f\u00fcr ihre reiche Lied- und Gesangskultur ber\u00fchmt sind), lyrisch, klar und unmittelbar kommunizierend, nur gelegentlich (Nr. 4) wom\u00f6glich etwas sentimental.<\/p>\n<p><strong>Luft, Wind und der Klang von Schwingen<\/strong><br \/>\nZu einer Reihe von Schl\u00fcsselelementen und -motiven geh\u00f6ren gewisse tonale Zentren (wie H-Dur, der Tonart, mit der der Chor einsetzt und endet), die bereits erw\u00e4hnten Gesten der Soloviola als Repr\u00e4sentation von Luft und Wind, aber auch eine spezifische musikalische Umsetzung des Titels des Werks, der mehrfach in Karevas Versen erscheint. Erstmals zu beobachten ist dies in Nr. 3: die den beiden Worten Tiibade h\u00e4\u00e4l (so das estnische Original) eigene Sprachmelodie transformiert K\u00f5rvits in ein Motiv im Siciliano-Rhythmus, und gleichzeitig \u201eschwingt\u201c sich die Musik f\u00f6rmlich auf, ger\u00e4t der Streicherteppich in Bewegung in Form von sanft rauschenden, flirrenden Gesten, dem Klang von Fl\u00fcgeln eben, aber wiederum poetisiert \u2013 das Maschinelle wird herausgefiltert, und mit dem Resultat k\u00f6nnte man ebenso auch Vogelschwingen assoziieren. Explizite Dramatik oder gr\u00f6\u00dfere Kulminationspunkte sind diesem insgesamt dezidiert homogen Zyklus \u00fcber die gesamten 50 Minuten hinweg eher fremd, was man je nach Standpunkt vielleicht als Manko begreifen kann, aber es ist doch eine Musik, die ihre Momente hat, die im Ged\u00e4chtnis bleibt.<\/p>\n<p><strong>Exzellente Interpretationen<\/strong><br \/>\nAbgerundet wird die CD mit einer kleinen Zugabe, n\u00e4mlich K\u00f5rvits\u2019 Sonntagswunsch erneut nach einem Text von Kareva, urspr\u00fcnglich (2020) ein Werk f\u00fcr M\u00e4dchenchor, zwei Jahre sp\u00e4ter f\u00fcr Sopran, Chor und Streicher bearbeitet. Ein kurzes Lied mit Refrain, ein Lob der Natur mit einer gewissen sakralen Note, das mit ganz \u00e4hnlichen musikalischen Mitteln arbeitet wie Der Klang der Fl\u00fcgel. Der Klang der CD ist ausgezeichnet, die Leistungen der Interpreten ist vorz\u00fcglich, speziell angesichts des famos homogenen, die weiten kantablen Linien und warme, lichte Harmonik dieser Musik exzellent nachvollziehenden Estnischen Philharmonischen Kammerchor.<\/p>\n<p>Holger Sambale<\/p>\n<p>Look more: <a href=\"http:\/\/www.klassik-heute.de\/4daction\/www_medien_einzeln?id=24418&amp;CDS30\">Klassik Heute<\/a><\/p>\n","protected":false},"excerpt":{"rendered":"<p>Den estnischen Komponisten T\u00f5nu K\u00f5rvits, Jahrgang 1969, verbindet man sicherlich in besonderem Ma\u00dfe mit seinen gr\u00f6\u00dfer angelegten Werken f\u00fcr Chor und Streicher, auch wenn ein genauerer Blick auf sein Werkverzeichnis verr\u00e4t, dass er eigentlich in vielen verschiedenen Besetzungen zu Hause ist. Dennoch scheint die Vokalsinfonik (oder vielleicht eher -kammersinfonik) auf den Komponisten einen besonderen Reiz [&hellip;]<\/p>\n","protected":false},"author":2,"featured_media":0,"comment_status":"closed","ping_status":"closed","sticky":false,"template":"","format":"standard","meta":{"_acf_changed":false,"footnotes":""},"categories":[9],"tags":[],"class_list":["post-21734","post","type-post","status-publish","format-standard","hentry","category-media"],"acf":[],"yoast_head":"<!-- This site is optimized with the Yoast SEO plugin v26.3 - https:\/\/yoast.com\/wordpress\/plugins\/seo\/ -->\n<title>T\u00f5nu K\u00f5rvits. The Sound of Wings - Estonian Philharmonic Chamber Choir<\/title>\n<meta name=\"robots\" content=\"index, follow, max-snippet:-1, max-image-preview:large, max-video-preview:-1\" \/>\n<link rel=\"canonical\" href=\"https:\/\/www.epcc.ee\/en\/2023\/09\/tonu-korvits-the-sound-of-wings-3\/\" \/>\n<meta property=\"og:locale\" content=\"en_US\" \/>\n<meta property=\"og:type\" content=\"article\" \/>\n<meta property=\"og:title\" content=\"T\u00f5nu K\u00f5rvits. The Sound of Wings - Estonian Philharmonic Chamber Choir\" \/>\n<meta property=\"og:description\" content=\"Den estnischen Komponisten T\u00f5nu K\u00f5rvits, Jahrgang 1969, verbindet man sicherlich in besonderem Ma\u00dfe mit seinen gr\u00f6\u00dfer angelegten Werken f\u00fcr Chor und Streicher, auch wenn ein genauerer Blick auf sein Werkverzeichnis verr\u00e4t, dass er eigentlich in vielen verschiedenen Besetzungen zu Hause ist. Dennoch scheint die Vokalsinfonik (oder vielleicht eher -kammersinfonik) auf den Komponisten einen besonderen Reiz [&hellip;]\" \/>\n<meta property=\"og:url\" content=\"https:\/\/www.epcc.ee\/en\/2023\/09\/tonu-korvits-the-sound-of-wings-3\/\" \/>\n<meta property=\"og:site_name\" content=\"Estonian Philharmonic Chamber Choir\" \/>\n<meta property=\"article:publisher\" content=\"https:\/\/www.facebook.com\/kammerkoor\/\" \/>\n<meta property=\"article:published_time\" content=\"2023-09-22T13:50:45+00:00\" \/>\n<meta property=\"og:image\" content=\"https:\/\/www.epcc.ee\/wp-content\/uploads\/2015\/05\/home_katlas.jpg\" \/>\n\t<meta property=\"og:image:width\" content=\"1920\" \/>\n\t<meta property=\"og:image:height\" content=\"720\" \/>\n\t<meta property=\"og:image:type\" content=\"image\/jpeg\" \/>\n<meta name=\"author\" content=\"epcc\" \/>\n<meta name=\"twitter:card\" content=\"summary_large_image\" \/>\n<meta name=\"twitter:label1\" content=\"Written by\" \/>\n\t<meta name=\"twitter:data1\" content=\"epcc\" \/>\n\t<meta name=\"twitter:label2\" content=\"Est. reading time\" \/>\n\t<meta name=\"twitter:data2\" content=\"4 minutes\" \/>\n<script type=\"application\/ld+json\" class=\"yoast-schema-graph\">{\"@context\":\"https:\/\/schema.org\",\"@graph\":[{\"@type\":\"Article\",\"@id\":\"https:\/\/www.epcc.ee\/en\/2023\/09\/tonu-korvits-the-sound-of-wings-3\/#article\",\"isPartOf\":{\"@id\":\"https:\/\/www.epcc.ee\/en\/2023\/09\/tonu-korvits-the-sound-of-wings-3\/\"},\"author\":{\"name\":\"epcc\",\"@id\":\"https:\/\/www.epcc.ee\/#\/schema\/person\/c7335228c20d567fa07b901fe5ca1e95\"},\"headline\":\"T\u00f5nu K\u00f5rvits. The Sound of Wings\",\"datePublished\":\"2023-09-22T13:50:45+00:00\",\"mainEntityOfPage\":{\"@id\":\"https:\/\/www.epcc.ee\/en\/2023\/09\/tonu-korvits-the-sound-of-wings-3\/\"},\"wordCount\":789,\"publisher\":{\"@id\":\"https:\/\/www.epcc.ee\/#organization\"},\"articleSection\":[\"Media\"],\"inLanguage\":\"en-US\"},{\"@type\":\"WebPage\",\"@id\":\"https:\/\/www.epcc.ee\/en\/2023\/09\/tonu-korvits-the-sound-of-wings-3\/\",\"url\":\"https:\/\/www.epcc.ee\/en\/2023\/09\/tonu-korvits-the-sound-of-wings-3\/\",\"name\":\"T\u00f5nu K\u00f5rvits. The Sound of Wings - Estonian Philharmonic Chamber Choir\",\"isPartOf\":{\"@id\":\"https:\/\/www.epcc.ee\/#website\"},\"datePublished\":\"2023-09-22T13:50:45+00:00\",\"breadcrumb\":{\"@id\":\"https:\/\/www.epcc.ee\/en\/2023\/09\/tonu-korvits-the-sound-of-wings-3\/#breadcrumb\"},\"inLanguage\":\"en-US\",\"potentialAction\":[{\"@type\":\"ReadAction\",\"target\":[\"https:\/\/www.epcc.ee\/en\/2023\/09\/tonu-korvits-the-sound-of-wings-3\/\"]}]},{\"@type\":\"BreadcrumbList\",\"@id\":\"https:\/\/www.epcc.ee\/en\/2023\/09\/tonu-korvits-the-sound-of-wings-3\/#breadcrumb\",\"itemListElement\":[{\"@type\":\"ListItem\",\"position\":1,\"name\":\"Home\",\"item\":\"https:\/\/www.epcc.ee\/\"},{\"@type\":\"ListItem\",\"position\":2,\"name\":\"T\u00f5nu K\u00f5rvits. The Sound of Wings\"}]},{\"@type\":\"WebSite\",\"@id\":\"https:\/\/www.epcc.ee\/#website\",\"url\":\"https:\/\/www.epcc.ee\/\",\"name\":\"Eesti Filharmoonia Kammerkoor\",\"description\":\"\",\"publisher\":{\"@id\":\"https:\/\/www.epcc.ee\/#organization\"},\"potentialAction\":[{\"@type\":\"SearchAction\",\"target\":{\"@type\":\"EntryPoint\",\"urlTemplate\":\"https:\/\/www.epcc.ee\/?s={search_term_string}\"},\"query-input\":{\"@type\":\"PropertyValueSpecification\",\"valueRequired\":true,\"valueName\":\"search_term_string\"}}],\"inLanguage\":\"en-US\"},{\"@type\":\"Organization\",\"@id\":\"https:\/\/www.epcc.ee\/#organization\",\"name\":\"Eesti Filharmoonia Kammerkoor\",\"url\":\"https:\/\/www.epcc.ee\/\",\"logo\":{\"@type\":\"ImageObject\",\"inLanguage\":\"en-US\",\"@id\":\"https:\/\/www.epcc.ee\/#\/schema\/logo\/image\/\",\"url\":\"https:\/\/www.epcc.ee\/wp-content\/uploads\/2020\/10\/EFK-logo-2020-est-RGB-png.png\",\"contentUrl\":\"https:\/\/www.epcc.ee\/wp-content\/uploads\/2020\/10\/EFK-logo-2020-est-RGB-png.png\",\"width\":866,\"height\":247,\"caption\":\"Eesti Filharmoonia Kammerkoor\"},\"image\":{\"@id\":\"https:\/\/www.epcc.ee\/#\/schema\/logo\/image\/\"},\"sameAs\":[\"https:\/\/www.facebook.com\/kammerkoor\/\",\"https:\/\/www.youtube.com\/user\/epccclassics\"]},{\"@type\":\"Person\",\"@id\":\"https:\/\/www.epcc.ee\/#\/schema\/person\/c7335228c20d567fa07b901fe5ca1e95\",\"name\":\"epcc\",\"image\":{\"@type\":\"ImageObject\",\"inLanguage\":\"en-US\",\"@id\":\"https:\/\/www.epcc.ee\/#\/schema\/person\/image\/\",\"url\":\"https:\/\/secure.gravatar.com\/avatar\/82c79155df3c5b578b02bfa991733320?s=96&d=blank&r=g\",\"contentUrl\":\"https:\/\/secure.gravatar.com\/avatar\/82c79155df3c5b578b02bfa991733320?s=96&d=blank&r=g\",\"caption\":\"epcc\"}}]}<\/script>\n<!-- \/ Yoast SEO plugin. -->","yoast_head_json":{"title":"T\u00f5nu K\u00f5rvits. The Sound of Wings - Estonian Philharmonic Chamber Choir","robots":{"index":"index","follow":"follow","max-snippet":"max-snippet:-1","max-image-preview":"max-image-preview:large","max-video-preview":"max-video-preview:-1"},"canonical":"https:\/\/www.epcc.ee\/en\/2023\/09\/tonu-korvits-the-sound-of-wings-3\/","og_locale":"en_US","og_type":"article","og_title":"T\u00f5nu K\u00f5rvits. The Sound of Wings - Estonian Philharmonic Chamber Choir","og_description":"Den estnischen Komponisten T\u00f5nu K\u00f5rvits, Jahrgang 1969, verbindet man sicherlich in besonderem Ma\u00dfe mit seinen gr\u00f6\u00dfer angelegten Werken f\u00fcr Chor und Streicher, auch wenn ein genauerer Blick auf sein Werkverzeichnis verr\u00e4t, dass er eigentlich in vielen verschiedenen Besetzungen zu Hause ist. Dennoch scheint die Vokalsinfonik (oder vielleicht eher -kammersinfonik) auf den Komponisten einen besonderen Reiz [&hellip;]","og_url":"https:\/\/www.epcc.ee\/en\/2023\/09\/tonu-korvits-the-sound-of-wings-3\/","og_site_name":"Estonian Philharmonic Chamber Choir","article_publisher":"https:\/\/www.facebook.com\/kammerkoor\/","article_published_time":"2023-09-22T13:50:45+00:00","og_image":[{"width":1920,"height":720,"url":"https:\/\/www.epcc.ee\/wp-content\/uploads\/2015\/05\/home_katlas.jpg","type":"image\/jpeg"}],"author":"epcc","twitter_card":"summary_large_image","twitter_misc":{"Written by":"epcc","Est. reading time":"4 minutes"},"schema":{"@context":"https:\/\/schema.org","@graph":[{"@type":"Article","@id":"https:\/\/www.epcc.ee\/en\/2023\/09\/tonu-korvits-the-sound-of-wings-3\/#article","isPartOf":{"@id":"https:\/\/www.epcc.ee\/en\/2023\/09\/tonu-korvits-the-sound-of-wings-3\/"},"author":{"name":"epcc","@id":"https:\/\/www.epcc.ee\/#\/schema\/person\/c7335228c20d567fa07b901fe5ca1e95"},"headline":"T\u00f5nu K\u00f5rvits. The Sound of Wings","datePublished":"2023-09-22T13:50:45+00:00","mainEntityOfPage":{"@id":"https:\/\/www.epcc.ee\/en\/2023\/09\/tonu-korvits-the-sound-of-wings-3\/"},"wordCount":789,"publisher":{"@id":"https:\/\/www.epcc.ee\/#organization"},"articleSection":["Media"],"inLanguage":"en-US"},{"@type":"WebPage","@id":"https:\/\/www.epcc.ee\/en\/2023\/09\/tonu-korvits-the-sound-of-wings-3\/","url":"https:\/\/www.epcc.ee\/en\/2023\/09\/tonu-korvits-the-sound-of-wings-3\/","name":"T\u00f5nu K\u00f5rvits. The Sound of Wings - Estonian Philharmonic Chamber Choir","isPartOf":{"@id":"https:\/\/www.epcc.ee\/#website"},"datePublished":"2023-09-22T13:50:45+00:00","breadcrumb":{"@id":"https:\/\/www.epcc.ee\/en\/2023\/09\/tonu-korvits-the-sound-of-wings-3\/#breadcrumb"},"inLanguage":"en-US","potentialAction":[{"@type":"ReadAction","target":["https:\/\/www.epcc.ee\/en\/2023\/09\/tonu-korvits-the-sound-of-wings-3\/"]}]},{"@type":"BreadcrumbList","@id":"https:\/\/www.epcc.ee\/en\/2023\/09\/tonu-korvits-the-sound-of-wings-3\/#breadcrumb","itemListElement":[{"@type":"ListItem","position":1,"name":"Home","item":"https:\/\/www.epcc.ee\/"},{"@type":"ListItem","position":2,"name":"T\u00f5nu K\u00f5rvits. The Sound of Wings"}]},{"@type":"WebSite","@id":"https:\/\/www.epcc.ee\/#website","url":"https:\/\/www.epcc.ee\/","name":"Eesti Filharmoonia Kammerkoor","description":"","publisher":{"@id":"https:\/\/www.epcc.ee\/#organization"},"potentialAction":[{"@type":"SearchAction","target":{"@type":"EntryPoint","urlTemplate":"https:\/\/www.epcc.ee\/?s={search_term_string}"},"query-input":{"@type":"PropertyValueSpecification","valueRequired":true,"valueName":"search_term_string"}}],"inLanguage":"en-US"},{"@type":"Organization","@id":"https:\/\/www.epcc.ee\/#organization","name":"Eesti Filharmoonia Kammerkoor","url":"https:\/\/www.epcc.ee\/","logo":{"@type":"ImageObject","inLanguage":"en-US","@id":"https:\/\/www.epcc.ee\/#\/schema\/logo\/image\/","url":"https:\/\/www.epcc.ee\/wp-content\/uploads\/2020\/10\/EFK-logo-2020-est-RGB-png.png","contentUrl":"https:\/\/www.epcc.ee\/wp-content\/uploads\/2020\/10\/EFK-logo-2020-est-RGB-png.png","width":866,"height":247,"caption":"Eesti Filharmoonia Kammerkoor"},"image":{"@id":"https:\/\/www.epcc.ee\/#\/schema\/logo\/image\/"},"sameAs":["https:\/\/www.facebook.com\/kammerkoor\/","https:\/\/www.youtube.com\/user\/epccclassics"]},{"@type":"Person","@id":"https:\/\/www.epcc.ee\/#\/schema\/person\/c7335228c20d567fa07b901fe5ca1e95","name":"epcc","image":{"@type":"ImageObject","inLanguage":"en-US","@id":"https:\/\/www.epcc.ee\/#\/schema\/person\/image\/","url":"https:\/\/secure.gravatar.com\/avatar\/82c79155df3c5b578b02bfa991733320?s=96&d=blank&r=g","contentUrl":"https:\/\/secure.gravatar.com\/avatar\/82c79155df3c5b578b02bfa991733320?s=96&d=blank&r=g","caption":"epcc"}}]}},"_links":{"self":[{"href":"https:\/\/www.epcc.ee\/en\/wp-json\/wp\/v2\/posts\/21734","targetHints":{"allow":["GET"]}}],"collection":[{"href":"https:\/\/www.epcc.ee\/en\/wp-json\/wp\/v2\/posts"}],"about":[{"href":"https:\/\/www.epcc.ee\/en\/wp-json\/wp\/v2\/types\/post"}],"author":[{"embeddable":true,"href":"https:\/\/www.epcc.ee\/en\/wp-json\/wp\/v2\/users\/2"}],"replies":[{"embeddable":true,"href":"https:\/\/www.epcc.ee\/en\/wp-json\/wp\/v2\/comments?post=21734"}],"version-history":[{"count":0,"href":"https:\/\/www.epcc.ee\/en\/wp-json\/wp\/v2\/posts\/21734\/revisions"}],"wp:attachment":[{"href":"https:\/\/www.epcc.ee\/en\/wp-json\/wp\/v2\/media?parent=21734"}],"wp:term":[{"taxonomy":"category","embeddable":true,"href":"https:\/\/www.epcc.ee\/en\/wp-json\/wp\/v2\/categories?post=21734"},{"taxonomy":"post_tag","embeddable":true,"href":"https:\/\/www.epcc.ee\/en\/wp-json\/wp\/v2\/tags?post=21734"}],"curies":[{"name":"wp","href":"https:\/\/api.w.org\/{rel}","templated":true}]}}