{"id":21510,"date":"2023-06-01T09:21:08","date_gmt":"2023-06-01T06:21:08","guid":{"rendered":"https:\/\/www.epcc.ee\/2023\/06\/tonu-korvitsa-triloogia-viimane-osa-tiibade-haal-ilmub-cd-plaadil\/"},"modified":"2023-06-29T18:00:22","modified_gmt":"2023-06-29T15:00:22","slug":"tonu-korvitsa-triloogia-viimane-osa-tiibade-haal-ilmub-cd-plaadil","status":"publish","type":"post","link":"https:\/\/www.epcc.ee\/en\/2023\/06\/tonu-korvitsa-triloogia-viimane-osa-tiibade-haal-ilmub-cd-plaadil\/","title":{"rendered":"New release &#8211; T\u00f5nu K\u00f5rvits&#8217; &#8220;The Sound of Wings&#8221;"},"content":{"rendered":"<p><strong>T\u00f5nu K\u00f5rvits.\u00a0The Sound of Wings<\/strong><br \/>\nEstonian Philharmonic Chamber Choir<br \/>\nTallinn Chamber Orchestra<br \/>\nRisto Joost, conductor<br \/>\nRelease: June 2023,\u00a0Ondine<\/p>\n<p>Estonian composer T\u00f5nu K\u00f5rvits (1969) belongs to the Estonian\u2019s most prominent composers. His works are rich with delicate atmosphere possessing a particularly Northern feel combined with a romantic and Impressionistic touch.\u00a0This new album\u00a0 is the final volume in a trilogy of works for choir and orchestra.<\/p>\n<p><em>Moorland Elegies<\/em> (ODE 1306-2), <em>You Are Light and Morning<\/em> (ODE 1363-2) and <em>The Sound of Wings<\/em> form a kind of a trilogy, albeit this was never a purpose in itself. The first two cycles are linked to the elements of earth and water. In this final part of the trilogy everything is carried by the element of air, and those existential themes which T\u00f5nu K\u00f5rvits has dealt with for decades in his works \u2013 nature, life, death, suffering, love \u2013 find a liberating and soaring solution. The composer has said that it is \u201cthe brightest work in the trilogy (&#8230;), which emanates the most light. It is a song of flying, of dreaming, of courage and unconditional love.\u201d<\/p>\n<p>One of the sources of inspiration for The Sound of Wings was Amelia Mary Earhart\u2019s attempt to be the first woman in aviation history to fly around the globe together with navigator Fred Noonan, which was cut short whilst crossing the Pacific Ocean. (Look more: <a href=\"https:\/\/www.ondine.net\/index.php?lid=en&amp;cid=2.2&amp;oid=7075\">Ondine website<\/a>)<\/p>\n<p>The lyrics are written by the well-known Estonian writer Doris Kareva, whose texts and translations have been also the bases of the K\u00f5rvits&#8217; former works.<\/p>\n<p>In September 2023 T\u00f5nu K\u00f5rvits&#8217; &#8220;The Sound of Wings&#8221; will be performed at MITO Festivali in Milano and Torino.<\/p>\n<p>T\u00f5nu K\u00f5rvits&#8217; music and the creative processes in the rehearsal room have inspired also a photo series &#8220;Borderline Sounds&#8221; by Anneli Ivaste. The exhibition has been shown in several cities in Estonia.<\/p>\n<p><a href=\"https:\/\/www.epcc.ee\/wp-content\/uploads\/2023\/06\/dsc9142_70x466_trykki-1.jpg\"><img loading=\"lazy\" decoding=\"async\" class=\"alignnone wp-image-21515\" src=\"https:\/\/www.epcc.ee\/wp-content\/uploads\/2023\/06\/dsc9142_70x466_trykki-1.jpg\" alt=\"\" width=\"356\" height=\"237\" srcset=\"https:\/\/www.epcc.ee\/wp-content\/uploads\/2023\/06\/dsc9142_70x466_trykki-1.jpg 2400w, https:\/\/www.epcc.ee\/wp-content\/uploads\/2023\/06\/dsc9142_70x466_trykki-1-300x200.jpg 300w, https:\/\/www.epcc.ee\/wp-content\/uploads\/2023\/06\/dsc9142_70x466_trykki-1-600x400.jpg 600w, https:\/\/www.epcc.ee\/wp-content\/uploads\/2023\/06\/dsc9142_70x466_trykki-1-768x512.jpg 768w, https:\/\/www.epcc.ee\/wp-content\/uploads\/2023\/06\/dsc9142_70x466_trykki-1-1536x1024.jpg 1536w, https:\/\/www.epcc.ee\/wp-content\/uploads\/2023\/06\/dsc9142_70x466_trykki-1-2048x1365.jpg 2048w, https:\/\/www.epcc.ee\/wp-content\/uploads\/2023\/06\/dsc9142_70x466_trykki-1-1920x1280.jpg 1920w\" sizes=\"auto, (max-width: 356px) 100vw, 356px\" \/><\/a><\/p>\n<p>&nbsp;<\/p>\n<p><a href=\"https:\/\/www.epcc.ee\/wp-content\/uploads\/2023\/06\/dsc8777_70x466_trykki.jpg\"><img loading=\"lazy\" decoding=\"async\" class=\"alignnone wp-image-21513\" src=\"https:\/\/www.epcc.ee\/wp-content\/uploads\/2023\/06\/dsc8777_70x466_trykki.jpg\" alt=\"\" width=\"355\" height=\"236\" srcset=\"https:\/\/www.epcc.ee\/wp-content\/uploads\/2023\/06\/dsc8777_70x466_trykki.jpg 2400w, https:\/\/www.epcc.ee\/wp-content\/uploads\/2023\/06\/dsc8777_70x466_trykki-300x200.jpg 300w, https:\/\/www.epcc.ee\/wp-content\/uploads\/2023\/06\/dsc8777_70x466_trykki-600x400.jpg 600w, https:\/\/www.epcc.ee\/wp-content\/uploads\/2023\/06\/dsc8777_70x466_trykki-768x512.jpg 768w, https:\/\/www.epcc.ee\/wp-content\/uploads\/2023\/06\/dsc8777_70x466_trykki-1536x1024.jpg 1536w, https:\/\/www.epcc.ee\/wp-content\/uploads\/2023\/06\/dsc8777_70x466_trykki-2048x1365.jpg 2048w, https:\/\/www.epcc.ee\/wp-content\/uploads\/2023\/06\/dsc8777_70x466_trykki-1920x1280.jpg 1920w\" sizes=\"auto, (max-width: 355px) 100vw, 355px\" \/><\/a><\/p>\n<p>&nbsp;<\/p>\n<p><img loading=\"lazy\" decoding=\"async\" class=\"alignnone wp-image-21511\" src=\"https:\/\/www.epcc.ee\/wp-content\/uploads\/2023\/06\/dsc9486_70x466_trykki.jpg\" alt=\"\" width=\"358\" height=\"238\" srcset=\"https:\/\/www.epcc.ee\/wp-content\/uploads\/2023\/06\/dsc9486_70x466_trykki.jpg 2400w, https:\/\/www.epcc.ee\/wp-content\/uploads\/2023\/06\/dsc9486_70x466_trykki-300x200.jpg 300w, https:\/\/www.epcc.ee\/wp-content\/uploads\/2023\/06\/dsc9486_70x466_trykki-600x400.jpg 600w, https:\/\/www.epcc.ee\/wp-content\/uploads\/2023\/06\/dsc9486_70x466_trykki-768x512.jpg 768w, https:\/\/www.epcc.ee\/wp-content\/uploads\/2023\/06\/dsc9486_70x466_trykki-1536x1024.jpg 1536w, https:\/\/www.epcc.ee\/wp-content\/uploads\/2023\/06\/dsc9486_70x466_trykki-2048x1365.jpg 2048w, https:\/\/www.epcc.ee\/wp-content\/uploads\/2023\/06\/dsc9486_70x466_trykki-1920x1280.jpg 1920w\" sizes=\"auto, (max-width: 358px) 100vw, 358px\" \/><\/p>\n<p>&nbsp;<\/p>\n","protected":false},"excerpt":{"rendered":"<p>T\u00f5nu K\u00f5rvits.\u00a0The Sound of Wings Estonian Philharmonic Chamber Choir Tallinn Chamber Orchestra Risto Joost, conductor Release: June 2023,\u00a0Ondine Estonian composer T\u00f5nu K\u00f5rvits (1969) belongs to the Estonian\u2019s most prominent composers. His works are rich with delicate atmosphere possessing a particularly Northern feel combined with a romantic and Impressionistic touch.\u00a0This new album\u00a0 is the final volume [&hellip;]<\/p>\n","protected":false},"author":2,"featured_media":21206,"comment_status":"closed","ping_status":"closed","sticky":false,"template":"","format":"standard","meta":{"_acf_changed":false,"footnotes":""},"categories":[7],"tags":[],"class_list":["post-21510","post","type-post","status-publish","format-standard","has-post-thumbnail","hentry","category-news"],"acf":[],"yoast_head":"<!-- This site is optimized with the Yoast SEO plugin v26.3 - https:\/\/yoast.com\/wordpress\/plugins\/seo\/ -->\n<title>New release - T\u00f5nu K\u00f5rvits&#039; &quot;The Sound of Wings&quot; - Estonian Philharmonic Chamber Choir<\/title>\n<meta name=\"robots\" content=\"index, follow, max-snippet:-1, max-image-preview:large, max-video-preview:-1\" \/>\n<link rel=\"canonical\" href=\"https:\/\/www.epcc.ee\/en\/2023\/06\/tonu-korvitsa-triloogia-viimane-osa-tiibade-haal-ilmub-cd-plaadil\/\" \/>\n<meta property=\"og:locale\" content=\"en_US\" \/>\n<meta property=\"og:type\" content=\"article\" \/>\n<meta property=\"og:title\" content=\"New release - T\u00f5nu K\u00f5rvits&#039; &quot;The Sound of Wings&quot; - Estonian Philharmonic Chamber Choir\" \/>\n<meta property=\"og:description\" content=\"T\u00f5nu K\u00f5rvits.\u00a0The Sound of Wings Estonian Philharmonic Chamber Choir Tallinn Chamber Orchestra Risto Joost, conductor Release: June 2023,\u00a0Ondine Estonian composer T\u00f5nu K\u00f5rvits (1969) belongs to the Estonian\u2019s most prominent composers. His works are rich with delicate atmosphere possessing a particularly Northern feel combined with a romantic and Impressionistic touch.\u00a0This new album\u00a0 is the final volume [&hellip;]\" \/>\n<meta property=\"og:url\" content=\"https:\/\/www.epcc.ee\/en\/2023\/06\/tonu-korvitsa-triloogia-viimane-osa-tiibade-haal-ilmub-cd-plaadil\/\" \/>\n<meta property=\"og:site_name\" content=\"Estonian Philharmonic Chamber Choir\" \/>\n<meta property=\"article:publisher\" content=\"https:\/\/www.facebook.com\/kammerkoor\/\" \/>\n<meta property=\"article:published_time\" content=\"2023-06-01T06:21:08+00:00\" \/>\n<meta property=\"article:modified_time\" content=\"2023-06-29T15:00:22+00:00\" \/>\n<meta property=\"og:image\" content=\"https:\/\/www.epcc.ee\/wp-content\/uploads\/2023\/06\/tonukorvits_doriskareva_foto_anneliivaste_v.jpg\" \/>\n\t<meta property=\"og:image:width\" content=\"2400\" \/>\n\t<meta property=\"og:image:height\" content=\"1600\" \/>\n\t<meta property=\"og:image:type\" content=\"image\/jpeg\" \/>\n<meta name=\"author\" content=\"epcc\" \/>\n<meta name=\"twitter:card\" content=\"summary_large_image\" \/>\n<meta name=\"twitter:label1\" content=\"Written by\" \/>\n\t<meta name=\"twitter:data1\" content=\"epcc\" \/>\n\t<meta name=\"twitter:label2\" content=\"Est. reading time\" \/>\n\t<meta name=\"twitter:data2\" content=\"2 minutes\" \/>\n<script type=\"application\/ld+json\" class=\"yoast-schema-graph\">{\"@context\":\"https:\/\/schema.org\",\"@graph\":[{\"@type\":\"Article\",\"@id\":\"https:\/\/www.epcc.ee\/en\/2023\/06\/tonu-korvitsa-triloogia-viimane-osa-tiibade-haal-ilmub-cd-plaadil\/#article\",\"isPartOf\":{\"@id\":\"https:\/\/www.epcc.ee\/en\/2023\/06\/tonu-korvitsa-triloogia-viimane-osa-tiibade-haal-ilmub-cd-plaadil\/\"},\"author\":{\"name\":\"epcc\",\"@id\":\"https:\/\/www.epcc.ee\/#\/schema\/person\/c7335228c20d567fa07b901fe5ca1e95\"},\"headline\":\"New release &#8211; T\u00f5nu K\u00f5rvits&#8217; &#8220;The Sound of Wings&#8221;\",\"datePublished\":\"2023-06-01T06:21:08+00:00\",\"dateModified\":\"2023-06-29T15:00:22+00:00\",\"mainEntityOfPage\":{\"@id\":\"https:\/\/www.epcc.ee\/en\/2023\/06\/tonu-korvitsa-triloogia-viimane-osa-tiibade-haal-ilmub-cd-plaadil\/\"},\"wordCount\":329,\"publisher\":{\"@id\":\"https:\/\/www.epcc.ee\/#organization\"},\"image\":{\"@id\":\"https:\/\/www.epcc.ee\/en\/2023\/06\/tonu-korvitsa-triloogia-viimane-osa-tiibade-haal-ilmub-cd-plaadil\/#primaryimage\"},\"thumbnailUrl\":\"https:\/\/www.epcc.ee\/wp-content\/uploads\/2023\/06\/tonukorvits_doriskareva_foto_anneliivaste_v.jpg\",\"articleSection\":[\"News\"],\"inLanguage\":\"en-US\"},{\"@type\":\"WebPage\",\"@id\":\"https:\/\/www.epcc.ee\/en\/2023\/06\/tonu-korvitsa-triloogia-viimane-osa-tiibade-haal-ilmub-cd-plaadil\/\",\"url\":\"https:\/\/www.epcc.ee\/en\/2023\/06\/tonu-korvitsa-triloogia-viimane-osa-tiibade-haal-ilmub-cd-plaadil\/\",\"name\":\"New release - T\u00f5nu K\u00f5rvits' \\\"The Sound of Wings\\\" - Estonian Philharmonic Chamber Choir\",\"isPartOf\":{\"@id\":\"https:\/\/www.epcc.ee\/#website\"},\"primaryImageOfPage\":{\"@id\":\"https:\/\/www.epcc.ee\/en\/2023\/06\/tonu-korvitsa-triloogia-viimane-osa-tiibade-haal-ilmub-cd-plaadil\/#primaryimage\"},\"image\":{\"@id\":\"https:\/\/www.epcc.ee\/en\/2023\/06\/tonu-korvitsa-triloogia-viimane-osa-tiibade-haal-ilmub-cd-plaadil\/#primaryimage\"},\"thumbnailUrl\":\"https:\/\/www.epcc.ee\/wp-content\/uploads\/2023\/06\/tonukorvits_doriskareva_foto_anneliivaste_v.jpg\",\"datePublished\":\"2023-06-01T06:21:08+00:00\",\"dateModified\":\"2023-06-29T15:00:22+00:00\",\"breadcrumb\":{\"@id\":\"https:\/\/www.epcc.ee\/en\/2023\/06\/tonu-korvitsa-triloogia-viimane-osa-tiibade-haal-ilmub-cd-plaadil\/#breadcrumb\"},\"inLanguage\":\"en-US\",\"potentialAction\":[{\"@type\":\"ReadAction\",\"target\":[\"https:\/\/www.epcc.ee\/en\/2023\/06\/tonu-korvitsa-triloogia-viimane-osa-tiibade-haal-ilmub-cd-plaadil\/\"]}]},{\"@type\":\"ImageObject\",\"inLanguage\":\"en-US\",\"@id\":\"https:\/\/www.epcc.ee\/en\/2023\/06\/tonu-korvitsa-triloogia-viimane-osa-tiibade-haal-ilmub-cd-plaadil\/#primaryimage\",\"url\":\"https:\/\/www.epcc.ee\/wp-content\/uploads\/2023\/06\/tonukorvits_doriskareva_foto_anneliivaste_v.jpg\",\"contentUrl\":\"https:\/\/www.epcc.ee\/wp-content\/uploads\/2023\/06\/tonukorvits_doriskareva_foto_anneliivaste_v.jpg\",\"width\":2400,\"height\":1600,\"caption\":\"Foto: Anneli Ivaste\"},{\"@type\":\"BreadcrumbList\",\"@id\":\"https:\/\/www.epcc.ee\/en\/2023\/06\/tonu-korvitsa-triloogia-viimane-osa-tiibade-haal-ilmub-cd-plaadil\/#breadcrumb\",\"itemListElement\":[{\"@type\":\"ListItem\",\"position\":1,\"name\":\"Home\",\"item\":\"https:\/\/www.epcc.ee\/\"},{\"@type\":\"ListItem\",\"position\":2,\"name\":\"New release &#8211; T\u00f5nu K\u00f5rvits&#8217; &#8220;The Sound of Wings&#8221;\"}]},{\"@type\":\"WebSite\",\"@id\":\"https:\/\/www.epcc.ee\/#website\",\"url\":\"https:\/\/www.epcc.ee\/\",\"name\":\"Eesti Filharmoonia Kammerkoor\",\"description\":\"\",\"publisher\":{\"@id\":\"https:\/\/www.epcc.ee\/#organization\"},\"potentialAction\":[{\"@type\":\"SearchAction\",\"target\":{\"@type\":\"EntryPoint\",\"urlTemplate\":\"https:\/\/www.epcc.ee\/?s={search_term_string}\"},\"query-input\":{\"@type\":\"PropertyValueSpecification\",\"valueRequired\":true,\"valueName\":\"search_term_string\"}}],\"inLanguage\":\"en-US\"},{\"@type\":\"Organization\",\"@id\":\"https:\/\/www.epcc.ee\/#organization\",\"name\":\"Eesti Filharmoonia Kammerkoor\",\"url\":\"https:\/\/www.epcc.ee\/\",\"logo\":{\"@type\":\"ImageObject\",\"inLanguage\":\"en-US\",\"@id\":\"https:\/\/www.epcc.ee\/#\/schema\/logo\/image\/\",\"url\":\"https:\/\/www.epcc.ee\/wp-content\/uploads\/2020\/10\/EFK-logo-2020-est-RGB-png.png\",\"contentUrl\":\"https:\/\/www.epcc.ee\/wp-content\/uploads\/2020\/10\/EFK-logo-2020-est-RGB-png.png\",\"width\":866,\"height\":247,\"caption\":\"Eesti Filharmoonia Kammerkoor\"},\"image\":{\"@id\":\"https:\/\/www.epcc.ee\/#\/schema\/logo\/image\/\"},\"sameAs\":[\"https:\/\/www.facebook.com\/kammerkoor\/\",\"https:\/\/www.youtube.com\/user\/epccclassics\"]},{\"@type\":\"Person\",\"@id\":\"https:\/\/www.epcc.ee\/#\/schema\/person\/c7335228c20d567fa07b901fe5ca1e95\",\"name\":\"epcc\",\"image\":{\"@type\":\"ImageObject\",\"inLanguage\":\"en-US\",\"@id\":\"https:\/\/www.epcc.ee\/#\/schema\/person\/image\/\",\"url\":\"https:\/\/secure.gravatar.com\/avatar\/82c79155df3c5b578b02bfa991733320?s=96&d=blank&r=g\",\"contentUrl\":\"https:\/\/secure.gravatar.com\/avatar\/82c79155df3c5b578b02bfa991733320?s=96&d=blank&r=g\",\"caption\":\"epcc\"}}]}<\/script>\n<!-- \/ Yoast SEO plugin. -->","yoast_head_json":{"title":"New release - T\u00f5nu K\u00f5rvits' \"The Sound of Wings\" - Estonian Philharmonic Chamber Choir","robots":{"index":"index","follow":"follow","max-snippet":"max-snippet:-1","max-image-preview":"max-image-preview:large","max-video-preview":"max-video-preview:-1"},"canonical":"https:\/\/www.epcc.ee\/en\/2023\/06\/tonu-korvitsa-triloogia-viimane-osa-tiibade-haal-ilmub-cd-plaadil\/","og_locale":"en_US","og_type":"article","og_title":"New release - T\u00f5nu K\u00f5rvits' \"The Sound of Wings\" - Estonian Philharmonic Chamber Choir","og_description":"T\u00f5nu K\u00f5rvits.\u00a0The Sound of Wings Estonian Philharmonic Chamber Choir Tallinn Chamber Orchestra Risto Joost, conductor Release: June 2023,\u00a0Ondine Estonian composer T\u00f5nu K\u00f5rvits (1969) belongs to the Estonian\u2019s most prominent composers. His works are rich with delicate atmosphere possessing a particularly Northern feel combined with a romantic and Impressionistic touch.\u00a0This new album\u00a0 is the final volume [&hellip;]","og_url":"https:\/\/www.epcc.ee\/en\/2023\/06\/tonu-korvitsa-triloogia-viimane-osa-tiibade-haal-ilmub-cd-plaadil\/","og_site_name":"Estonian Philharmonic Chamber Choir","article_publisher":"https:\/\/www.facebook.com\/kammerkoor\/","article_published_time":"2023-06-01T06:21:08+00:00","article_modified_time":"2023-06-29T15:00:22+00:00","og_image":[{"width":2400,"height":1600,"url":"https:\/\/www.epcc.ee\/wp-content\/uploads\/2023\/06\/tonukorvits_doriskareva_foto_anneliivaste_v.jpg","type":"image\/jpeg"}],"author":"epcc","twitter_card":"summary_large_image","twitter_misc":{"Written by":"epcc","Est. reading time":"2 minutes"},"schema":{"@context":"https:\/\/schema.org","@graph":[{"@type":"Article","@id":"https:\/\/www.epcc.ee\/en\/2023\/06\/tonu-korvitsa-triloogia-viimane-osa-tiibade-haal-ilmub-cd-plaadil\/#article","isPartOf":{"@id":"https:\/\/www.epcc.ee\/en\/2023\/06\/tonu-korvitsa-triloogia-viimane-osa-tiibade-haal-ilmub-cd-plaadil\/"},"author":{"name":"epcc","@id":"https:\/\/www.epcc.ee\/#\/schema\/person\/c7335228c20d567fa07b901fe5ca1e95"},"headline":"New release &#8211; T\u00f5nu K\u00f5rvits&#8217; &#8220;The Sound of Wings&#8221;","datePublished":"2023-06-01T06:21:08+00:00","dateModified":"2023-06-29T15:00:22+00:00","mainEntityOfPage":{"@id":"https:\/\/www.epcc.ee\/en\/2023\/06\/tonu-korvitsa-triloogia-viimane-osa-tiibade-haal-ilmub-cd-plaadil\/"},"wordCount":329,"publisher":{"@id":"https:\/\/www.epcc.ee\/#organization"},"image":{"@id":"https:\/\/www.epcc.ee\/en\/2023\/06\/tonu-korvitsa-triloogia-viimane-osa-tiibade-haal-ilmub-cd-plaadil\/#primaryimage"},"thumbnailUrl":"https:\/\/www.epcc.ee\/wp-content\/uploads\/2023\/06\/tonukorvits_doriskareva_foto_anneliivaste_v.jpg","articleSection":["News"],"inLanguage":"en-US"},{"@type":"WebPage","@id":"https:\/\/www.epcc.ee\/en\/2023\/06\/tonu-korvitsa-triloogia-viimane-osa-tiibade-haal-ilmub-cd-plaadil\/","url":"https:\/\/www.epcc.ee\/en\/2023\/06\/tonu-korvitsa-triloogia-viimane-osa-tiibade-haal-ilmub-cd-plaadil\/","name":"New release - T\u00f5nu K\u00f5rvits' \"The Sound of Wings\" - Estonian Philharmonic Chamber Choir","isPartOf":{"@id":"https:\/\/www.epcc.ee\/#website"},"primaryImageOfPage":{"@id":"https:\/\/www.epcc.ee\/en\/2023\/06\/tonu-korvitsa-triloogia-viimane-osa-tiibade-haal-ilmub-cd-plaadil\/#primaryimage"},"image":{"@id":"https:\/\/www.epcc.ee\/en\/2023\/06\/tonu-korvitsa-triloogia-viimane-osa-tiibade-haal-ilmub-cd-plaadil\/#primaryimage"},"thumbnailUrl":"https:\/\/www.epcc.ee\/wp-content\/uploads\/2023\/06\/tonukorvits_doriskareva_foto_anneliivaste_v.jpg","datePublished":"2023-06-01T06:21:08+00:00","dateModified":"2023-06-29T15:00:22+00:00","breadcrumb":{"@id":"https:\/\/www.epcc.ee\/en\/2023\/06\/tonu-korvitsa-triloogia-viimane-osa-tiibade-haal-ilmub-cd-plaadil\/#breadcrumb"},"inLanguage":"en-US","potentialAction":[{"@type":"ReadAction","target":["https:\/\/www.epcc.ee\/en\/2023\/06\/tonu-korvitsa-triloogia-viimane-osa-tiibade-haal-ilmub-cd-plaadil\/"]}]},{"@type":"ImageObject","inLanguage":"en-US","@id":"https:\/\/www.epcc.ee\/en\/2023\/06\/tonu-korvitsa-triloogia-viimane-osa-tiibade-haal-ilmub-cd-plaadil\/#primaryimage","url":"https:\/\/www.epcc.ee\/wp-content\/uploads\/2023\/06\/tonukorvits_doriskareva_foto_anneliivaste_v.jpg","contentUrl":"https:\/\/www.epcc.ee\/wp-content\/uploads\/2023\/06\/tonukorvits_doriskareva_foto_anneliivaste_v.jpg","width":2400,"height":1600,"caption":"Foto: Anneli Ivaste"},{"@type":"BreadcrumbList","@id":"https:\/\/www.epcc.ee\/en\/2023\/06\/tonu-korvitsa-triloogia-viimane-osa-tiibade-haal-ilmub-cd-plaadil\/#breadcrumb","itemListElement":[{"@type":"ListItem","position":1,"name":"Home","item":"https:\/\/www.epcc.ee\/"},{"@type":"ListItem","position":2,"name":"New release &#8211; T\u00f5nu K\u00f5rvits&#8217; &#8220;The Sound of Wings&#8221;"}]},{"@type":"WebSite","@id":"https:\/\/www.epcc.ee\/#website","url":"https:\/\/www.epcc.ee\/","name":"Eesti Filharmoonia Kammerkoor","description":"","publisher":{"@id":"https:\/\/www.epcc.ee\/#organization"},"potentialAction":[{"@type":"SearchAction","target":{"@type":"EntryPoint","urlTemplate":"https:\/\/www.epcc.ee\/?s={search_term_string}"},"query-input":{"@type":"PropertyValueSpecification","valueRequired":true,"valueName":"search_term_string"}}],"inLanguage":"en-US"},{"@type":"Organization","@id":"https:\/\/www.epcc.ee\/#organization","name":"Eesti Filharmoonia Kammerkoor","url":"https:\/\/www.epcc.ee\/","logo":{"@type":"ImageObject","inLanguage":"en-US","@id":"https:\/\/www.epcc.ee\/#\/schema\/logo\/image\/","url":"https:\/\/www.epcc.ee\/wp-content\/uploads\/2020\/10\/EFK-logo-2020-est-RGB-png.png","contentUrl":"https:\/\/www.epcc.ee\/wp-content\/uploads\/2020\/10\/EFK-logo-2020-est-RGB-png.png","width":866,"height":247,"caption":"Eesti Filharmoonia Kammerkoor"},"image":{"@id":"https:\/\/www.epcc.ee\/#\/schema\/logo\/image\/"},"sameAs":["https:\/\/www.facebook.com\/kammerkoor\/","https:\/\/www.youtube.com\/user\/epccclassics"]},{"@type":"Person","@id":"https:\/\/www.epcc.ee\/#\/schema\/person\/c7335228c20d567fa07b901fe5ca1e95","name":"epcc","image":{"@type":"ImageObject","inLanguage":"en-US","@id":"https:\/\/www.epcc.ee\/#\/schema\/person\/image\/","url":"https:\/\/secure.gravatar.com\/avatar\/82c79155df3c5b578b02bfa991733320?s=96&d=blank&r=g","contentUrl":"https:\/\/secure.gravatar.com\/avatar\/82c79155df3c5b578b02bfa991733320?s=96&d=blank&r=g","caption":"epcc"}}]}},"_links":{"self":[{"href":"https:\/\/www.epcc.ee\/en\/wp-json\/wp\/v2\/posts\/21510","targetHints":{"allow":["GET"]}}],"collection":[{"href":"https:\/\/www.epcc.ee\/en\/wp-json\/wp\/v2\/posts"}],"about":[{"href":"https:\/\/www.epcc.ee\/en\/wp-json\/wp\/v2\/types\/post"}],"author":[{"embeddable":true,"href":"https:\/\/www.epcc.ee\/en\/wp-json\/wp\/v2\/users\/2"}],"replies":[{"embeddable":true,"href":"https:\/\/www.epcc.ee\/en\/wp-json\/wp\/v2\/comments?post=21510"}],"version-history":[{"count":0,"href":"https:\/\/www.epcc.ee\/en\/wp-json\/wp\/v2\/posts\/21510\/revisions"}],"wp:featuredmedia":[{"embeddable":true,"href":"https:\/\/www.epcc.ee\/en\/wp-json\/wp\/v2\/media\/21206"}],"wp:attachment":[{"href":"https:\/\/www.epcc.ee\/en\/wp-json\/wp\/v2\/media?parent=21510"}],"wp:term":[{"taxonomy":"category","embeddable":true,"href":"https:\/\/www.epcc.ee\/en\/wp-json\/wp\/v2\/categories?post=21510"},{"taxonomy":"post_tag","embeddable":true,"href":"https:\/\/www.epcc.ee\/en\/wp-json\/wp\/v2\/tags?post=21510"}],"curies":[{"name":"wp","href":"https:\/\/api.w.org\/{rel}","templated":true}]}}