{"id":21496,"date":"2023-06-26T11:19:26","date_gmt":"2023-06-26T08:19:26","guid":{"rendered":"https:\/\/www.epcc.ee\/2023\/06\/eesti-filharmoonia-kammerkoor-esineb-aix-en-provencei-festivalil\/"},"modified":"2023-06-26T12:13:50","modified_gmt":"2023-06-26T09:13:50","slug":"eesti-filharmoonia-kammerkoor-esineb-aix-en-provencei-festivalil","status":"publish","type":"post","link":"https:\/\/www.epcc.ee\/en\/2023\/06\/eesti-filharmoonia-kammerkoor-esineb-aix-en-provencei-festivalil\/","title":{"rendered":"Sir Simon Rattle conducting the Estonian Philharmonic Chamber Choir at the Festival d\u2019Aix-en-Provence"},"content":{"rendered":"<p>The Estonian Philharmonic Chamber Choir was once again invited to the renowned Aix-en-Provence opera festival, this time for Alban Berg\u2019s opera <em>Wozzeck<\/em> conducted by Sir Simon Rattle, one of the world\u2019s foremost conductors.<\/p>\n<p>Alban Berg (1885\u20131935) completed <em>Wozzeck<\/em>, his opera in three acts in 1925. Festival d\u2019Aix will stage five performances at the Grand Th\u00e9\u00e2tre de Provence between 7 and 21 July. Simon McBurney, the English director, writer and actor was invited to stage it. Simon McBurney is held to be one of today\u2019s most innovative and influential theatre directors. The international first-rate cast includes Christian Gerhaher, Malin Bystr\u00f6m, Thomas Blondelle, Brindley Sherratt, Peter Hoare etc and is accompanied by the London Symphony Orchestra.<\/p>\n<p>Before the premiere the Estonian Philharmonic Chamber Choir will have three weeks of rehearsals on site allowing the singers to get to grips with both the music and the stage presence and movements.<\/p>\n<p>The Managing Director of the EPCC Esper Linnam\u00e4gi brings out that the rehearsal period is developing in a good inspiring atmosphere. \u201eTwo years ago we had a vocal role in the festival productions, but this year we have a possibility to combine our vocal quality also to the acting skills while working in the stage rehearsals.&#8221;<\/p>\n<p>The Estonian Philharmonic Chamber Choir has already been invited to the festival three times \u2013 in 2011, 2013 and 2021. In 2021 they participated in the world premiere of Kaija Saariaho\u2019s opera <em>Innocence<\/em>. The festival values the Choir as a noted interpreter of contemporary music and the festival\u2019s Director of Communications J\u00e9r\u00f4me Bruneti\u00e8re has said that the Choir has been invited then because of the quality performance that it guarantees.<\/p>\n<p>The Festival d\u2019Aix-en-Provence is held from 4 to 24 July this year. The festival has been gaining in popularity throughout its 75 years and become a summer must for opera lovers worldwide. With its artistic ideas and superb artists the festival offers a diverse programme of both operas and concerts and innovative stagings to surprise the audience.<\/p>\n<p>Under the direction of T\u00f5nu Kaljuste, the Estonian Philharmonic Chamber Choir gave a concert of Arvo P\u00e4rt\u2019s music at Silvacane Abbey, La Roque-d&#8217;Anth\u00e9ron.<\/p>\n<p>More information: <a href=\"https:\/\/festival-aix.com\/en\/program\/opera\/wozzeck-0\">Festival d&#8217;Aix-en-Provence<\/a><\/p>\n<p>&nbsp;<\/p>\n","protected":false},"excerpt":{"rendered":"<p>The Estonian Philharmonic Chamber Choir was once again invited to the renowned Aix-en-Provence opera festival, this time for Alban Berg\u2019s opera Wozzeck conducted by Sir Simon Rattle, one of the world\u2019s foremost conductors. Alban Berg (1885\u20131935) completed Wozzeck, his opera in three acts in 1925. Festival d\u2019Aix will stage five performances at the Grand Th\u00e9\u00e2tre [&hellip;]<\/p>\n","protected":false},"author":2,"featured_media":21495,"comment_status":"closed","ping_status":"closed","sticky":false,"template":"","format":"standard","meta":{"_acf_changed":false,"footnotes":""},"categories":[7],"tags":[],"class_list":["post-21496","post","type-post","status-publish","format-standard","has-post-thumbnail","hentry","category-news"],"acf":[],"yoast_head":"<!-- This site is optimized with the Yoast SEO plugin v26.3 - https:\/\/yoast.com\/wordpress\/plugins\/seo\/ -->\n<title>Sir Simon Rattle conducting the Estonian Philharmonic Chamber Choir at the Festival d\u2019Aix-en-Provence - Estonian Philharmonic Chamber Choir<\/title>\n<meta name=\"robots\" content=\"index, follow, max-snippet:-1, max-image-preview:large, max-video-preview:-1\" \/>\n<link rel=\"canonical\" href=\"https:\/\/www.epcc.ee\/en\/2023\/06\/eesti-filharmoonia-kammerkoor-esineb-aix-en-provencei-festivalil\/\" \/>\n<meta property=\"og:locale\" content=\"en_US\" \/>\n<meta property=\"og:type\" content=\"article\" \/>\n<meta property=\"og:title\" content=\"Sir Simon Rattle conducting the Estonian Philharmonic Chamber Choir at the Festival d\u2019Aix-en-Provence - Estonian Philharmonic Chamber Choir\" \/>\n<meta property=\"og:description\" content=\"The Estonian Philharmonic Chamber Choir was once again invited to the renowned Aix-en-Provence opera festival, this time for Alban Berg\u2019s opera Wozzeck conducted by Sir Simon Rattle, one of the world\u2019s foremost conductors. Alban Berg (1885\u20131935) completed Wozzeck, his opera in three acts in 1925. Festival d\u2019Aix will stage five performances at the Grand Th\u00e9\u00e2tre [&hellip;]\" \/>\n<meta property=\"og:url\" content=\"https:\/\/www.epcc.ee\/en\/2023\/06\/eesti-filharmoonia-kammerkoor-esineb-aix-en-provencei-festivalil\/\" \/>\n<meta property=\"og:site_name\" content=\"Estonian Philharmonic Chamber Choir\" \/>\n<meta property=\"article:publisher\" content=\"https:\/\/www.facebook.com\/kammerkoor\/\" \/>\n<meta property=\"article:published_time\" content=\"2023-06-26T08:19:26+00:00\" \/>\n<meta property=\"article:modified_time\" content=\"2023-06-26T09:13:50+00:00\" \/>\n<meta property=\"og:image\" content=\"https:\/\/www.epcc.ee\/wp-content\/uploads\/2023\/06\/aix_koor1.jpg\" \/>\n\t<meta property=\"og:image:width\" content=\"2016\" \/>\n\t<meta property=\"og:image:height\" content=\"1512\" \/>\n\t<meta property=\"og:image:type\" content=\"image\/jpeg\" \/>\n<meta name=\"author\" content=\"epcc\" \/>\n<meta name=\"twitter:card\" content=\"summary_large_image\" \/>\n<meta name=\"twitter:label1\" content=\"Written by\" \/>\n\t<meta name=\"twitter:data1\" content=\"epcc\" \/>\n\t<meta name=\"twitter:label2\" content=\"Est. reading time\" \/>\n\t<meta name=\"twitter:data2\" content=\"2 minutes\" \/>\n<script type=\"application\/ld+json\" class=\"yoast-schema-graph\">{\"@context\":\"https:\/\/schema.org\",\"@graph\":[{\"@type\":\"Article\",\"@id\":\"https:\/\/www.epcc.ee\/en\/2023\/06\/eesti-filharmoonia-kammerkoor-esineb-aix-en-provencei-festivalil\/#article\",\"isPartOf\":{\"@id\":\"https:\/\/www.epcc.ee\/en\/2023\/06\/eesti-filharmoonia-kammerkoor-esineb-aix-en-provencei-festivalil\/\"},\"author\":{\"name\":\"epcc\",\"@id\":\"https:\/\/www.epcc.ee\/#\/schema\/person\/c7335228c20d567fa07b901fe5ca1e95\"},\"headline\":\"Sir Simon Rattle conducting the Estonian Philharmonic Chamber Choir at the Festival d\u2019Aix-en-Provence\",\"datePublished\":\"2023-06-26T08:19:26+00:00\",\"dateModified\":\"2023-06-26T09:13:50+00:00\",\"mainEntityOfPage\":{\"@id\":\"https:\/\/www.epcc.ee\/en\/2023\/06\/eesti-filharmoonia-kammerkoor-esineb-aix-en-provencei-festivalil\/\"},\"wordCount\":379,\"publisher\":{\"@id\":\"https:\/\/www.epcc.ee\/#organization\"},\"image\":{\"@id\":\"https:\/\/www.epcc.ee\/en\/2023\/06\/eesti-filharmoonia-kammerkoor-esineb-aix-en-provencei-festivalil\/#primaryimage\"},\"thumbnailUrl\":\"https:\/\/www.epcc.ee\/wp-content\/uploads\/2023\/06\/aix_koor1.jpg\",\"articleSection\":[\"News\"],\"inLanguage\":\"en-US\"},{\"@type\":\"WebPage\",\"@id\":\"https:\/\/www.epcc.ee\/en\/2023\/06\/eesti-filharmoonia-kammerkoor-esineb-aix-en-provencei-festivalil\/\",\"url\":\"https:\/\/www.epcc.ee\/en\/2023\/06\/eesti-filharmoonia-kammerkoor-esineb-aix-en-provencei-festivalil\/\",\"name\":\"Sir Simon Rattle conducting the Estonian Philharmonic Chamber Choir at the Festival d\u2019Aix-en-Provence - Estonian Philharmonic Chamber Choir\",\"isPartOf\":{\"@id\":\"https:\/\/www.epcc.ee\/#website\"},\"primaryImageOfPage\":{\"@id\":\"https:\/\/www.epcc.ee\/en\/2023\/06\/eesti-filharmoonia-kammerkoor-esineb-aix-en-provencei-festivalil\/#primaryimage\"},\"image\":{\"@id\":\"https:\/\/www.epcc.ee\/en\/2023\/06\/eesti-filharmoonia-kammerkoor-esineb-aix-en-provencei-festivalil\/#primaryimage\"},\"thumbnailUrl\":\"https:\/\/www.epcc.ee\/wp-content\/uploads\/2023\/06\/aix_koor1.jpg\",\"datePublished\":\"2023-06-26T08:19:26+00:00\",\"dateModified\":\"2023-06-26T09:13:50+00:00\",\"breadcrumb\":{\"@id\":\"https:\/\/www.epcc.ee\/en\/2023\/06\/eesti-filharmoonia-kammerkoor-esineb-aix-en-provencei-festivalil\/#breadcrumb\"},\"inLanguage\":\"en-US\",\"potentialAction\":[{\"@type\":\"ReadAction\",\"target\":[\"https:\/\/www.epcc.ee\/en\/2023\/06\/eesti-filharmoonia-kammerkoor-esineb-aix-en-provencei-festivalil\/\"]}]},{\"@type\":\"ImageObject\",\"inLanguage\":\"en-US\",\"@id\":\"https:\/\/www.epcc.ee\/en\/2023\/06\/eesti-filharmoonia-kammerkoor-esineb-aix-en-provencei-festivalil\/#primaryimage\",\"url\":\"https:\/\/www.epcc.ee\/wp-content\/uploads\/2023\/06\/aix_koor1.jpg\",\"contentUrl\":\"https:\/\/www.epcc.ee\/wp-content\/uploads\/2023\/06\/aix_koor1.jpg\",\"width\":2016,\"height\":1512,\"caption\":\"Festival-d'Aix-en-Provence-Estonian-Philharmonic-Chamber-Choir\"},{\"@type\":\"BreadcrumbList\",\"@id\":\"https:\/\/www.epcc.ee\/en\/2023\/06\/eesti-filharmoonia-kammerkoor-esineb-aix-en-provencei-festivalil\/#breadcrumb\",\"itemListElement\":[{\"@type\":\"ListItem\",\"position\":1,\"name\":\"Home\",\"item\":\"https:\/\/www.epcc.ee\/\"},{\"@type\":\"ListItem\",\"position\":2,\"name\":\"Sir Simon Rattle conducting the Estonian Philharmonic Chamber Choir at the Festival d\u2019Aix-en-Provence\"}]},{\"@type\":\"WebSite\",\"@id\":\"https:\/\/www.epcc.ee\/#website\",\"url\":\"https:\/\/www.epcc.ee\/\",\"name\":\"Eesti Filharmoonia Kammerkoor\",\"description\":\"\",\"publisher\":{\"@id\":\"https:\/\/www.epcc.ee\/#organization\"},\"potentialAction\":[{\"@type\":\"SearchAction\",\"target\":{\"@type\":\"EntryPoint\",\"urlTemplate\":\"https:\/\/www.epcc.ee\/?s={search_term_string}\"},\"query-input\":{\"@type\":\"PropertyValueSpecification\",\"valueRequired\":true,\"valueName\":\"search_term_string\"}}],\"inLanguage\":\"en-US\"},{\"@type\":\"Organization\",\"@id\":\"https:\/\/www.epcc.ee\/#organization\",\"name\":\"Eesti Filharmoonia Kammerkoor\",\"url\":\"https:\/\/www.epcc.ee\/\",\"logo\":{\"@type\":\"ImageObject\",\"inLanguage\":\"en-US\",\"@id\":\"https:\/\/www.epcc.ee\/#\/schema\/logo\/image\/\",\"url\":\"https:\/\/www.epcc.ee\/wp-content\/uploads\/2020\/10\/EFK-logo-2020-est-RGB-png.png\",\"contentUrl\":\"https:\/\/www.epcc.ee\/wp-content\/uploads\/2020\/10\/EFK-logo-2020-est-RGB-png.png\",\"width\":866,\"height\":247,\"caption\":\"Eesti Filharmoonia Kammerkoor\"},\"image\":{\"@id\":\"https:\/\/www.epcc.ee\/#\/schema\/logo\/image\/\"},\"sameAs\":[\"https:\/\/www.facebook.com\/kammerkoor\/\",\"https:\/\/www.youtube.com\/user\/epccclassics\"]},{\"@type\":\"Person\",\"@id\":\"https:\/\/www.epcc.ee\/#\/schema\/person\/c7335228c20d567fa07b901fe5ca1e95\",\"name\":\"epcc\",\"image\":{\"@type\":\"ImageObject\",\"inLanguage\":\"en-US\",\"@id\":\"https:\/\/www.epcc.ee\/#\/schema\/person\/image\/\",\"url\":\"https:\/\/secure.gravatar.com\/avatar\/82c79155df3c5b578b02bfa991733320?s=96&d=blank&r=g\",\"contentUrl\":\"https:\/\/secure.gravatar.com\/avatar\/82c79155df3c5b578b02bfa991733320?s=96&d=blank&r=g\",\"caption\":\"epcc\"}}]}<\/script>\n<!-- \/ Yoast SEO plugin. -->","yoast_head_json":{"title":"Sir Simon Rattle conducting the Estonian Philharmonic Chamber Choir at the Festival d\u2019Aix-en-Provence - Estonian Philharmonic Chamber Choir","robots":{"index":"index","follow":"follow","max-snippet":"max-snippet:-1","max-image-preview":"max-image-preview:large","max-video-preview":"max-video-preview:-1"},"canonical":"https:\/\/www.epcc.ee\/en\/2023\/06\/eesti-filharmoonia-kammerkoor-esineb-aix-en-provencei-festivalil\/","og_locale":"en_US","og_type":"article","og_title":"Sir Simon Rattle conducting the Estonian Philharmonic Chamber Choir at the Festival d\u2019Aix-en-Provence - Estonian Philharmonic Chamber Choir","og_description":"The Estonian Philharmonic Chamber Choir was once again invited to the renowned Aix-en-Provence opera festival, this time for Alban Berg\u2019s opera Wozzeck conducted by Sir Simon Rattle, one of the world\u2019s foremost conductors. Alban Berg (1885\u20131935) completed Wozzeck, his opera in three acts in 1925. Festival d\u2019Aix will stage five performances at the Grand Th\u00e9\u00e2tre [&hellip;]","og_url":"https:\/\/www.epcc.ee\/en\/2023\/06\/eesti-filharmoonia-kammerkoor-esineb-aix-en-provencei-festivalil\/","og_site_name":"Estonian Philharmonic Chamber Choir","article_publisher":"https:\/\/www.facebook.com\/kammerkoor\/","article_published_time":"2023-06-26T08:19:26+00:00","article_modified_time":"2023-06-26T09:13:50+00:00","og_image":[{"width":2016,"height":1512,"url":"https:\/\/www.epcc.ee\/wp-content\/uploads\/2023\/06\/aix_koor1.jpg","type":"image\/jpeg"}],"author":"epcc","twitter_card":"summary_large_image","twitter_misc":{"Written by":"epcc","Est. reading time":"2 minutes"},"schema":{"@context":"https:\/\/schema.org","@graph":[{"@type":"Article","@id":"https:\/\/www.epcc.ee\/en\/2023\/06\/eesti-filharmoonia-kammerkoor-esineb-aix-en-provencei-festivalil\/#article","isPartOf":{"@id":"https:\/\/www.epcc.ee\/en\/2023\/06\/eesti-filharmoonia-kammerkoor-esineb-aix-en-provencei-festivalil\/"},"author":{"name":"epcc","@id":"https:\/\/www.epcc.ee\/#\/schema\/person\/c7335228c20d567fa07b901fe5ca1e95"},"headline":"Sir Simon Rattle conducting the Estonian Philharmonic Chamber Choir at the Festival d\u2019Aix-en-Provence","datePublished":"2023-06-26T08:19:26+00:00","dateModified":"2023-06-26T09:13:50+00:00","mainEntityOfPage":{"@id":"https:\/\/www.epcc.ee\/en\/2023\/06\/eesti-filharmoonia-kammerkoor-esineb-aix-en-provencei-festivalil\/"},"wordCount":379,"publisher":{"@id":"https:\/\/www.epcc.ee\/#organization"},"image":{"@id":"https:\/\/www.epcc.ee\/en\/2023\/06\/eesti-filharmoonia-kammerkoor-esineb-aix-en-provencei-festivalil\/#primaryimage"},"thumbnailUrl":"https:\/\/www.epcc.ee\/wp-content\/uploads\/2023\/06\/aix_koor1.jpg","articleSection":["News"],"inLanguage":"en-US"},{"@type":"WebPage","@id":"https:\/\/www.epcc.ee\/en\/2023\/06\/eesti-filharmoonia-kammerkoor-esineb-aix-en-provencei-festivalil\/","url":"https:\/\/www.epcc.ee\/en\/2023\/06\/eesti-filharmoonia-kammerkoor-esineb-aix-en-provencei-festivalil\/","name":"Sir Simon Rattle conducting the Estonian Philharmonic Chamber Choir at the Festival d\u2019Aix-en-Provence - Estonian Philharmonic Chamber Choir","isPartOf":{"@id":"https:\/\/www.epcc.ee\/#website"},"primaryImageOfPage":{"@id":"https:\/\/www.epcc.ee\/en\/2023\/06\/eesti-filharmoonia-kammerkoor-esineb-aix-en-provencei-festivalil\/#primaryimage"},"image":{"@id":"https:\/\/www.epcc.ee\/en\/2023\/06\/eesti-filharmoonia-kammerkoor-esineb-aix-en-provencei-festivalil\/#primaryimage"},"thumbnailUrl":"https:\/\/www.epcc.ee\/wp-content\/uploads\/2023\/06\/aix_koor1.jpg","datePublished":"2023-06-26T08:19:26+00:00","dateModified":"2023-06-26T09:13:50+00:00","breadcrumb":{"@id":"https:\/\/www.epcc.ee\/en\/2023\/06\/eesti-filharmoonia-kammerkoor-esineb-aix-en-provencei-festivalil\/#breadcrumb"},"inLanguage":"en-US","potentialAction":[{"@type":"ReadAction","target":["https:\/\/www.epcc.ee\/en\/2023\/06\/eesti-filharmoonia-kammerkoor-esineb-aix-en-provencei-festivalil\/"]}]},{"@type":"ImageObject","inLanguage":"en-US","@id":"https:\/\/www.epcc.ee\/en\/2023\/06\/eesti-filharmoonia-kammerkoor-esineb-aix-en-provencei-festivalil\/#primaryimage","url":"https:\/\/www.epcc.ee\/wp-content\/uploads\/2023\/06\/aix_koor1.jpg","contentUrl":"https:\/\/www.epcc.ee\/wp-content\/uploads\/2023\/06\/aix_koor1.jpg","width":2016,"height":1512,"caption":"Festival-d'Aix-en-Provence-Estonian-Philharmonic-Chamber-Choir"},{"@type":"BreadcrumbList","@id":"https:\/\/www.epcc.ee\/en\/2023\/06\/eesti-filharmoonia-kammerkoor-esineb-aix-en-provencei-festivalil\/#breadcrumb","itemListElement":[{"@type":"ListItem","position":1,"name":"Home","item":"https:\/\/www.epcc.ee\/"},{"@type":"ListItem","position":2,"name":"Sir Simon Rattle conducting the Estonian Philharmonic Chamber Choir at the Festival d\u2019Aix-en-Provence"}]},{"@type":"WebSite","@id":"https:\/\/www.epcc.ee\/#website","url":"https:\/\/www.epcc.ee\/","name":"Eesti Filharmoonia Kammerkoor","description":"","publisher":{"@id":"https:\/\/www.epcc.ee\/#organization"},"potentialAction":[{"@type":"SearchAction","target":{"@type":"EntryPoint","urlTemplate":"https:\/\/www.epcc.ee\/?s={search_term_string}"},"query-input":{"@type":"PropertyValueSpecification","valueRequired":true,"valueName":"search_term_string"}}],"inLanguage":"en-US"},{"@type":"Organization","@id":"https:\/\/www.epcc.ee\/#organization","name":"Eesti Filharmoonia Kammerkoor","url":"https:\/\/www.epcc.ee\/","logo":{"@type":"ImageObject","inLanguage":"en-US","@id":"https:\/\/www.epcc.ee\/#\/schema\/logo\/image\/","url":"https:\/\/www.epcc.ee\/wp-content\/uploads\/2020\/10\/EFK-logo-2020-est-RGB-png.png","contentUrl":"https:\/\/www.epcc.ee\/wp-content\/uploads\/2020\/10\/EFK-logo-2020-est-RGB-png.png","width":866,"height":247,"caption":"Eesti Filharmoonia Kammerkoor"},"image":{"@id":"https:\/\/www.epcc.ee\/#\/schema\/logo\/image\/"},"sameAs":["https:\/\/www.facebook.com\/kammerkoor\/","https:\/\/www.youtube.com\/user\/epccclassics"]},{"@type":"Person","@id":"https:\/\/www.epcc.ee\/#\/schema\/person\/c7335228c20d567fa07b901fe5ca1e95","name":"epcc","image":{"@type":"ImageObject","inLanguage":"en-US","@id":"https:\/\/www.epcc.ee\/#\/schema\/person\/image\/","url":"https:\/\/secure.gravatar.com\/avatar\/82c79155df3c5b578b02bfa991733320?s=96&d=blank&r=g","contentUrl":"https:\/\/secure.gravatar.com\/avatar\/82c79155df3c5b578b02bfa991733320?s=96&d=blank&r=g","caption":"epcc"}}]}},"_links":{"self":[{"href":"https:\/\/www.epcc.ee\/en\/wp-json\/wp\/v2\/posts\/21496","targetHints":{"allow":["GET"]}}],"collection":[{"href":"https:\/\/www.epcc.ee\/en\/wp-json\/wp\/v2\/posts"}],"about":[{"href":"https:\/\/www.epcc.ee\/en\/wp-json\/wp\/v2\/types\/post"}],"author":[{"embeddable":true,"href":"https:\/\/www.epcc.ee\/en\/wp-json\/wp\/v2\/users\/2"}],"replies":[{"embeddable":true,"href":"https:\/\/www.epcc.ee\/en\/wp-json\/wp\/v2\/comments?post=21496"}],"version-history":[{"count":0,"href":"https:\/\/www.epcc.ee\/en\/wp-json\/wp\/v2\/posts\/21496\/revisions"}],"wp:featuredmedia":[{"embeddable":true,"href":"https:\/\/www.epcc.ee\/en\/wp-json\/wp\/v2\/media\/21495"}],"wp:attachment":[{"href":"https:\/\/www.epcc.ee\/en\/wp-json\/wp\/v2\/media?parent=21496"}],"wp:term":[{"taxonomy":"category","embeddable":true,"href":"https:\/\/www.epcc.ee\/en\/wp-json\/wp\/v2\/categories?post=21496"},{"taxonomy":"post_tag","embeddable":true,"href":"https:\/\/www.epcc.ee\/en\/wp-json\/wp\/v2\/tags?post=21496"}],"curies":[{"name":"wp","href":"https:\/\/api.w.org\/{rel}","templated":true}]}}