{"id":19346,"date":"2021-11-24T12:36:52","date_gmt":"2021-11-24T10:36:52","guid":{"rendered":"https:\/\/www.epcc.ee\/?p=19346"},"modified":"2021-11-29T10:40:01","modified_gmt":"2021-11-29T08:40:01","slug":"the-epccs-album-with-music-by-schnittke-and-part-received-a-grammy-nomination","status":"publish","type":"post","link":"https:\/\/www.epcc.ee\/en\/2021\/11\/the-epccs-album-with-music-by-schnittke-and-part-received-a-grammy-nomination\/","title":{"rendered":"The EPCC&#8217;s album with music by Schnittke and P\u00e4rt received a GRAMMY nomination"},"content":{"rendered":"<p><strong>The CD of the Estonian Philharmonic Chamber Choir and Kaspars Putni\u0146\u0161, <em>Schnittke: Choir Concerto; Three Sacred Hymns; P\u00e4rt: Seven Magnificat-Antiphons<\/em> has received a nomination for the 64th GRAMMY Awards in the Best Choral Performance category. <\/strong><\/p>\n<p>&nbsp;<\/p>\n<p>The music was recorded with the participation of Jens Braun, the renowned sound engineer. Heli J\u00fcrgenson was the chorus master and the CD was released by BIS Records in June this year.<\/p>\n<p>&nbsp;<\/p>\n<p>Alfred Schnittke\u2019s <em>Choir Concerto<\/em> (1984\/85) is one of the most powerful <em>a cappella<\/em> choral masterpieces. It is based on prayer texts from the <em>Book of Lamentations<\/em> by the 10<sup>th<\/sup> century Armenian poet Grigor Narekatsi or St. Gregory of Narek, where a soul filled with penitence and a yearning for purity has a heart-to-heart conversation with God. Kaspars Putni\u0146\u0161 coupled Schnittke\u2019s piece with P\u00e4rt\u2019s <em>Sieben Magnificat-Antiphonen<\/em> (1988) that consists of seven antiphons with a\u00a0<em>magnificat<\/em>\u00a0(<em>Song of Mary<\/em>), sung at Roman Catholic vespers on the seven days leading up to Christmas Eve.<\/p>\n<p>The recording session took place at the St Nicholas Church in Tallinn from 27 to 31 January 2020.<\/p>\n<p>&nbsp;<\/p>\n<p>The Estonian Philharmonic Chamber Choir and Kaspars Putni\u0146\u0161 have had years of fruitful collaboration with BIS Records. The same CD recently earned the Diapason d&#8217;Or in October, and their previous collaboration, also with music by Schnittke and P\u00e4rt, won the prestigious Gramophone Award in 2018. BIS Records will soon release the next CDs of the Estonian Philharmonic Chamber Choir &#8211; Rachmaninoff\u2019s <em>Liturgy of St. John Chrysostom<\/em> (op 31) and a CD with music of the Estonian composer \u00dclo Krigul.<\/p>\n<p>&nbsp;<\/p>\n<p>Records of the Estonian Philharmonic Chamber Choir have won the GRAMMY award twice &#8211; for <em>Arvo P\u00e4rt. Da Pacem<\/em> (Harmonia Mundi) recorded with Paul Hillier in 2007 and for <em>Arvo P\u00e4rt. Adam\u2019s Lament<\/em> (ECM) with T\u00f5nu Kaljuste in 2014. The choir\u2019s recordings have received a total of 15 Grammy nominations in various categories. The choir has released almost 80 recordings with renowned record companies such as\u00a0 ECM, Harmonia Mundi, Virgin Classics, Carus, Ondine, BIS and others, and many of the recordings have won other awards including Diapason d\u2019Or, Preis der Deutschen Schallplattenkritik, Danish Music Award, de Choc de l\u2019Ann\u00e9e Classica, Best Estonian Classical Album of the Year, recognition from the <em>Classica<\/em> magazine and others. The choir\u2019s recordings have ranked among the Billboard\u2019s top ten a number of times. The BBC music magazine <em>Classical Music<\/em> included the Estonian Philharmonic Chamber Choir among the world\u2019s ten best choirs in 2020.<\/p>\n<p>&nbsp;<\/p>\n<p>The next concerts of the Estonian Philharmonic Chamber Choir will be in Estonia, in Viljandi, Tallinn, Paide and Haapsalu from 8 to 11 December, with the programme\u00a0 <em>Missa Tagore<\/em> conducted by P\u00e4rt Uusberg.<\/p>\n","protected":false},"excerpt":{"rendered":"<p>The CD of the Estonian Philharmonic Chamber Choir and Kaspars Putni\u0146\u0161, Schnittke: Choir Concerto; Three Sacred Hymns; P\u00e4rt: Seven Magnificat-Antiphons has received a nomination for the 64th GRAMMY Awards in the Best Choral Performance category. &nbsp; The music was recorded with the participation of Jens Braun, the renowned sound engineer. Heli J\u00fcrgenson was the chorus [&hellip;]<\/p>\n","protected":false},"author":2,"featured_media":19309,"comment_status":"closed","ping_status":"closed","sticky":false,"template":"","format":"standard","meta":{"_acf_changed":false,"footnotes":""},"categories":[7],"tags":[],"class_list":["post-19346","post","type-post","status-publish","format-standard","has-post-thumbnail","hentry","category-news"],"acf":[],"yoast_head":"<!-- This site is optimized with the Yoast SEO plugin v26.3 - https:\/\/yoast.com\/wordpress\/plugins\/seo\/ -->\n<title>The EPCC&#039;s album with music by Schnittke and P\u00e4rt received a GRAMMY nomination - Estonian Philharmonic Chamber Choir<\/title>\n<meta name=\"robots\" content=\"index, follow, max-snippet:-1, max-image-preview:large, max-video-preview:-1\" \/>\n<link rel=\"canonical\" href=\"https:\/\/www.epcc.ee\/en\/2021\/11\/the-epccs-album-with-music-by-schnittke-and-part-received-a-grammy-nomination\/\" \/>\n<meta property=\"og:locale\" content=\"en_US\" \/>\n<meta property=\"og:type\" content=\"article\" \/>\n<meta property=\"og:title\" content=\"The EPCC&#039;s album with music by Schnittke and P\u00e4rt received a GRAMMY nomination - Estonian Philharmonic Chamber Choir\" \/>\n<meta property=\"og:description\" content=\"The CD of the Estonian Philharmonic Chamber Choir and Kaspars Putni\u0146\u0161, Schnittke: Choir Concerto; Three Sacred Hymns; P\u00e4rt: Seven Magnificat-Antiphons has received a nomination for the 64th GRAMMY Awards in the Best Choral Performance category. &nbsp; The music was recorded with the participation of Jens Braun, the renowned sound engineer. Heli J\u00fcrgenson was the chorus [&hellip;]\" \/>\n<meta property=\"og:url\" content=\"https:\/\/www.epcc.ee\/en\/2021\/11\/the-epccs-album-with-music-by-schnittke-and-part-received-a-grammy-nomination\/\" \/>\n<meta property=\"og:site_name\" content=\"Estonian Philharmonic Chamber Choir\" \/>\n<meta property=\"article:publisher\" content=\"https:\/\/www.facebook.com\/kammerkoor\/\" \/>\n<meta property=\"article:published_time\" content=\"2021-11-24T10:36:52+00:00\" \/>\n<meta property=\"article:modified_time\" content=\"2021-11-29T08:40:01+00:00\" \/>\n<meta property=\"og:image\" content=\"https:\/\/www.epcc.ee\/wp-content\/uploads\/2021\/11\/putnins_kikkas.jpg\" \/>\n\t<meta property=\"og:image:width\" content=\"2000\" \/>\n\t<meta property=\"og:image:height\" content=\"1333\" \/>\n\t<meta property=\"og:image:type\" content=\"image\/jpeg\" \/>\n<meta name=\"author\" content=\"epcc\" \/>\n<meta name=\"twitter:card\" content=\"summary_large_image\" \/>\n<meta name=\"twitter:label1\" content=\"Written by\" \/>\n\t<meta name=\"twitter:data1\" content=\"epcc\" \/>\n\t<meta name=\"twitter:label2\" content=\"Est. reading time\" \/>\n\t<meta name=\"twitter:data2\" content=\"2 minutes\" \/>\n<script type=\"application\/ld+json\" class=\"yoast-schema-graph\">{\"@context\":\"https:\/\/schema.org\",\"@graph\":[{\"@type\":\"Article\",\"@id\":\"https:\/\/www.epcc.ee\/en\/2021\/11\/the-epccs-album-with-music-by-schnittke-and-part-received-a-grammy-nomination\/#article\",\"isPartOf\":{\"@id\":\"https:\/\/www.epcc.ee\/en\/2021\/11\/the-epccs-album-with-music-by-schnittke-and-part-received-a-grammy-nomination\/\"},\"author\":{\"name\":\"epcc\",\"@id\":\"https:\/\/www.epcc.ee\/#\/schema\/person\/c7335228c20d567fa07b901fe5ca1e95\"},\"headline\":\"The EPCC&#8217;s album with music by Schnittke and P\u00e4rt received a GRAMMY nomination\",\"datePublished\":\"2021-11-24T10:36:52+00:00\",\"dateModified\":\"2021-11-29T08:40:01+00:00\",\"mainEntityOfPage\":{\"@id\":\"https:\/\/www.epcc.ee\/en\/2021\/11\/the-epccs-album-with-music-by-schnittke-and-part-received-a-grammy-nomination\/\"},\"wordCount\":463,\"publisher\":{\"@id\":\"https:\/\/www.epcc.ee\/#organization\"},\"image\":{\"@id\":\"https:\/\/www.epcc.ee\/en\/2021\/11\/the-epccs-album-with-music-by-schnittke-and-part-received-a-grammy-nomination\/#primaryimage\"},\"thumbnailUrl\":\"https:\/\/www.epcc.ee\/wp-content\/uploads\/2021\/11\/putnins_kikkas.jpg\",\"articleSection\":[\"News\"],\"inLanguage\":\"en-US\"},{\"@type\":\"WebPage\",\"@id\":\"https:\/\/www.epcc.ee\/en\/2021\/11\/the-epccs-album-with-music-by-schnittke-and-part-received-a-grammy-nomination\/\",\"url\":\"https:\/\/www.epcc.ee\/en\/2021\/11\/the-epccs-album-with-music-by-schnittke-and-part-received-a-grammy-nomination\/\",\"name\":\"The EPCC's album with music by Schnittke and P\u00e4rt received a GRAMMY nomination - Estonian Philharmonic Chamber Choir\",\"isPartOf\":{\"@id\":\"https:\/\/www.epcc.ee\/#website\"},\"primaryImageOfPage\":{\"@id\":\"https:\/\/www.epcc.ee\/en\/2021\/11\/the-epccs-album-with-music-by-schnittke-and-part-received-a-grammy-nomination\/#primaryimage\"},\"image\":{\"@id\":\"https:\/\/www.epcc.ee\/en\/2021\/11\/the-epccs-album-with-music-by-schnittke-and-part-received-a-grammy-nomination\/#primaryimage\"},\"thumbnailUrl\":\"https:\/\/www.epcc.ee\/wp-content\/uploads\/2021\/11\/putnins_kikkas.jpg\",\"datePublished\":\"2021-11-24T10:36:52+00:00\",\"dateModified\":\"2021-11-29T08:40:01+00:00\",\"breadcrumb\":{\"@id\":\"https:\/\/www.epcc.ee\/en\/2021\/11\/the-epccs-album-with-music-by-schnittke-and-part-received-a-grammy-nomination\/#breadcrumb\"},\"inLanguage\":\"en-US\",\"potentialAction\":[{\"@type\":\"ReadAction\",\"target\":[\"https:\/\/www.epcc.ee\/en\/2021\/11\/the-epccs-album-with-music-by-schnittke-and-part-received-a-grammy-nomination\/\"]}]},{\"@type\":\"ImageObject\",\"inLanguage\":\"en-US\",\"@id\":\"https:\/\/www.epcc.ee\/en\/2021\/11\/the-epccs-album-with-music-by-schnittke-and-part-received-a-grammy-nomination\/#primaryimage\",\"url\":\"https:\/\/www.epcc.ee\/wp-content\/uploads\/2021\/11\/putnins_kikkas.jpg\",\"contentUrl\":\"https:\/\/www.epcc.ee\/wp-content\/uploads\/2021\/11\/putnins_kikkas.jpg\",\"width\":2000,\"height\":1333,\"caption\":\"Kaspars Putnin\u0161. Photo: Kaupo Kikkas\"},{\"@type\":\"BreadcrumbList\",\"@id\":\"https:\/\/www.epcc.ee\/en\/2021\/11\/the-epccs-album-with-music-by-schnittke-and-part-received-a-grammy-nomination\/#breadcrumb\",\"itemListElement\":[{\"@type\":\"ListItem\",\"position\":1,\"name\":\"Home\",\"item\":\"https:\/\/www.epcc.ee\/\"},{\"@type\":\"ListItem\",\"position\":2,\"name\":\"The EPCC&#8217;s album with music by Schnittke and P\u00e4rt received a GRAMMY nomination\"}]},{\"@type\":\"WebSite\",\"@id\":\"https:\/\/www.epcc.ee\/#website\",\"url\":\"https:\/\/www.epcc.ee\/\",\"name\":\"Eesti Filharmoonia Kammerkoor\",\"description\":\"\",\"publisher\":{\"@id\":\"https:\/\/www.epcc.ee\/#organization\"},\"potentialAction\":[{\"@type\":\"SearchAction\",\"target\":{\"@type\":\"EntryPoint\",\"urlTemplate\":\"https:\/\/www.epcc.ee\/?s={search_term_string}\"},\"query-input\":{\"@type\":\"PropertyValueSpecification\",\"valueRequired\":true,\"valueName\":\"search_term_string\"}}],\"inLanguage\":\"en-US\"},{\"@type\":\"Organization\",\"@id\":\"https:\/\/www.epcc.ee\/#organization\",\"name\":\"Eesti Filharmoonia Kammerkoor\",\"url\":\"https:\/\/www.epcc.ee\/\",\"logo\":{\"@type\":\"ImageObject\",\"inLanguage\":\"en-US\",\"@id\":\"https:\/\/www.epcc.ee\/#\/schema\/logo\/image\/\",\"url\":\"https:\/\/www.epcc.ee\/wp-content\/uploads\/2020\/10\/EFK-logo-2020-est-RGB-png.png\",\"contentUrl\":\"https:\/\/www.epcc.ee\/wp-content\/uploads\/2020\/10\/EFK-logo-2020-est-RGB-png.png\",\"width\":866,\"height\":247,\"caption\":\"Eesti Filharmoonia Kammerkoor\"},\"image\":{\"@id\":\"https:\/\/www.epcc.ee\/#\/schema\/logo\/image\/\"},\"sameAs\":[\"https:\/\/www.facebook.com\/kammerkoor\/\",\"https:\/\/www.youtube.com\/user\/epccclassics\"]},{\"@type\":\"Person\",\"@id\":\"https:\/\/www.epcc.ee\/#\/schema\/person\/c7335228c20d567fa07b901fe5ca1e95\",\"name\":\"epcc\",\"image\":{\"@type\":\"ImageObject\",\"inLanguage\":\"en-US\",\"@id\":\"https:\/\/www.epcc.ee\/#\/schema\/person\/image\/\",\"url\":\"https:\/\/secure.gravatar.com\/avatar\/82c79155df3c5b578b02bfa991733320?s=96&d=blank&r=g\",\"contentUrl\":\"https:\/\/secure.gravatar.com\/avatar\/82c79155df3c5b578b02bfa991733320?s=96&d=blank&r=g\",\"caption\":\"epcc\"}}]}<\/script>\n<!-- \/ Yoast SEO plugin. -->","yoast_head_json":{"title":"The EPCC's album with music by Schnittke and P\u00e4rt received a GRAMMY nomination - Estonian Philharmonic Chamber Choir","robots":{"index":"index","follow":"follow","max-snippet":"max-snippet:-1","max-image-preview":"max-image-preview:large","max-video-preview":"max-video-preview:-1"},"canonical":"https:\/\/www.epcc.ee\/en\/2021\/11\/the-epccs-album-with-music-by-schnittke-and-part-received-a-grammy-nomination\/","og_locale":"en_US","og_type":"article","og_title":"The EPCC's album with music by Schnittke and P\u00e4rt received a GRAMMY nomination - Estonian Philharmonic Chamber Choir","og_description":"The CD of the Estonian Philharmonic Chamber Choir and Kaspars Putni\u0146\u0161, Schnittke: Choir Concerto; Three Sacred Hymns; P\u00e4rt: Seven Magnificat-Antiphons has received a nomination for the 64th GRAMMY Awards in the Best Choral Performance category. &nbsp; The music was recorded with the participation of Jens Braun, the renowned sound engineer. Heli J\u00fcrgenson was the chorus [&hellip;]","og_url":"https:\/\/www.epcc.ee\/en\/2021\/11\/the-epccs-album-with-music-by-schnittke-and-part-received-a-grammy-nomination\/","og_site_name":"Estonian Philharmonic Chamber Choir","article_publisher":"https:\/\/www.facebook.com\/kammerkoor\/","article_published_time":"2021-11-24T10:36:52+00:00","article_modified_time":"2021-11-29T08:40:01+00:00","og_image":[{"width":2000,"height":1333,"url":"https:\/\/www.epcc.ee\/wp-content\/uploads\/2021\/11\/putnins_kikkas.jpg","type":"image\/jpeg"}],"author":"epcc","twitter_card":"summary_large_image","twitter_misc":{"Written by":"epcc","Est. reading time":"2 minutes"},"schema":{"@context":"https:\/\/schema.org","@graph":[{"@type":"Article","@id":"https:\/\/www.epcc.ee\/en\/2021\/11\/the-epccs-album-with-music-by-schnittke-and-part-received-a-grammy-nomination\/#article","isPartOf":{"@id":"https:\/\/www.epcc.ee\/en\/2021\/11\/the-epccs-album-with-music-by-schnittke-and-part-received-a-grammy-nomination\/"},"author":{"name":"epcc","@id":"https:\/\/www.epcc.ee\/#\/schema\/person\/c7335228c20d567fa07b901fe5ca1e95"},"headline":"The EPCC&#8217;s album with music by Schnittke and P\u00e4rt received a GRAMMY nomination","datePublished":"2021-11-24T10:36:52+00:00","dateModified":"2021-11-29T08:40:01+00:00","mainEntityOfPage":{"@id":"https:\/\/www.epcc.ee\/en\/2021\/11\/the-epccs-album-with-music-by-schnittke-and-part-received-a-grammy-nomination\/"},"wordCount":463,"publisher":{"@id":"https:\/\/www.epcc.ee\/#organization"},"image":{"@id":"https:\/\/www.epcc.ee\/en\/2021\/11\/the-epccs-album-with-music-by-schnittke-and-part-received-a-grammy-nomination\/#primaryimage"},"thumbnailUrl":"https:\/\/www.epcc.ee\/wp-content\/uploads\/2021\/11\/putnins_kikkas.jpg","articleSection":["News"],"inLanguage":"en-US"},{"@type":"WebPage","@id":"https:\/\/www.epcc.ee\/en\/2021\/11\/the-epccs-album-with-music-by-schnittke-and-part-received-a-grammy-nomination\/","url":"https:\/\/www.epcc.ee\/en\/2021\/11\/the-epccs-album-with-music-by-schnittke-and-part-received-a-grammy-nomination\/","name":"The EPCC's album with music by Schnittke and P\u00e4rt received a GRAMMY nomination - Estonian Philharmonic Chamber Choir","isPartOf":{"@id":"https:\/\/www.epcc.ee\/#website"},"primaryImageOfPage":{"@id":"https:\/\/www.epcc.ee\/en\/2021\/11\/the-epccs-album-with-music-by-schnittke-and-part-received-a-grammy-nomination\/#primaryimage"},"image":{"@id":"https:\/\/www.epcc.ee\/en\/2021\/11\/the-epccs-album-with-music-by-schnittke-and-part-received-a-grammy-nomination\/#primaryimage"},"thumbnailUrl":"https:\/\/www.epcc.ee\/wp-content\/uploads\/2021\/11\/putnins_kikkas.jpg","datePublished":"2021-11-24T10:36:52+00:00","dateModified":"2021-11-29T08:40:01+00:00","breadcrumb":{"@id":"https:\/\/www.epcc.ee\/en\/2021\/11\/the-epccs-album-with-music-by-schnittke-and-part-received-a-grammy-nomination\/#breadcrumb"},"inLanguage":"en-US","potentialAction":[{"@type":"ReadAction","target":["https:\/\/www.epcc.ee\/en\/2021\/11\/the-epccs-album-with-music-by-schnittke-and-part-received-a-grammy-nomination\/"]}]},{"@type":"ImageObject","inLanguage":"en-US","@id":"https:\/\/www.epcc.ee\/en\/2021\/11\/the-epccs-album-with-music-by-schnittke-and-part-received-a-grammy-nomination\/#primaryimage","url":"https:\/\/www.epcc.ee\/wp-content\/uploads\/2021\/11\/putnins_kikkas.jpg","contentUrl":"https:\/\/www.epcc.ee\/wp-content\/uploads\/2021\/11\/putnins_kikkas.jpg","width":2000,"height":1333,"caption":"Kaspars Putnin\u0161. Photo: Kaupo Kikkas"},{"@type":"BreadcrumbList","@id":"https:\/\/www.epcc.ee\/en\/2021\/11\/the-epccs-album-with-music-by-schnittke-and-part-received-a-grammy-nomination\/#breadcrumb","itemListElement":[{"@type":"ListItem","position":1,"name":"Home","item":"https:\/\/www.epcc.ee\/"},{"@type":"ListItem","position":2,"name":"The EPCC&#8217;s album with music by Schnittke and P\u00e4rt received a GRAMMY nomination"}]},{"@type":"WebSite","@id":"https:\/\/www.epcc.ee\/#website","url":"https:\/\/www.epcc.ee\/","name":"Eesti Filharmoonia Kammerkoor","description":"","publisher":{"@id":"https:\/\/www.epcc.ee\/#organization"},"potentialAction":[{"@type":"SearchAction","target":{"@type":"EntryPoint","urlTemplate":"https:\/\/www.epcc.ee\/?s={search_term_string}"},"query-input":{"@type":"PropertyValueSpecification","valueRequired":true,"valueName":"search_term_string"}}],"inLanguage":"en-US"},{"@type":"Organization","@id":"https:\/\/www.epcc.ee\/#organization","name":"Eesti Filharmoonia Kammerkoor","url":"https:\/\/www.epcc.ee\/","logo":{"@type":"ImageObject","inLanguage":"en-US","@id":"https:\/\/www.epcc.ee\/#\/schema\/logo\/image\/","url":"https:\/\/www.epcc.ee\/wp-content\/uploads\/2020\/10\/EFK-logo-2020-est-RGB-png.png","contentUrl":"https:\/\/www.epcc.ee\/wp-content\/uploads\/2020\/10\/EFK-logo-2020-est-RGB-png.png","width":866,"height":247,"caption":"Eesti Filharmoonia Kammerkoor"},"image":{"@id":"https:\/\/www.epcc.ee\/#\/schema\/logo\/image\/"},"sameAs":["https:\/\/www.facebook.com\/kammerkoor\/","https:\/\/www.youtube.com\/user\/epccclassics"]},{"@type":"Person","@id":"https:\/\/www.epcc.ee\/#\/schema\/person\/c7335228c20d567fa07b901fe5ca1e95","name":"epcc","image":{"@type":"ImageObject","inLanguage":"en-US","@id":"https:\/\/www.epcc.ee\/#\/schema\/person\/image\/","url":"https:\/\/secure.gravatar.com\/avatar\/82c79155df3c5b578b02bfa991733320?s=96&d=blank&r=g","contentUrl":"https:\/\/secure.gravatar.com\/avatar\/82c79155df3c5b578b02bfa991733320?s=96&d=blank&r=g","caption":"epcc"}}]}},"_links":{"self":[{"href":"https:\/\/www.epcc.ee\/en\/wp-json\/wp\/v2\/posts\/19346","targetHints":{"allow":["GET"]}}],"collection":[{"href":"https:\/\/www.epcc.ee\/en\/wp-json\/wp\/v2\/posts"}],"about":[{"href":"https:\/\/www.epcc.ee\/en\/wp-json\/wp\/v2\/types\/post"}],"author":[{"embeddable":true,"href":"https:\/\/www.epcc.ee\/en\/wp-json\/wp\/v2\/users\/2"}],"replies":[{"embeddable":true,"href":"https:\/\/www.epcc.ee\/en\/wp-json\/wp\/v2\/comments?post=19346"}],"version-history":[{"count":0,"href":"https:\/\/www.epcc.ee\/en\/wp-json\/wp\/v2\/posts\/19346\/revisions"}],"wp:featuredmedia":[{"embeddable":true,"href":"https:\/\/www.epcc.ee\/en\/wp-json\/wp\/v2\/media\/19309"}],"wp:attachment":[{"href":"https:\/\/www.epcc.ee\/en\/wp-json\/wp\/v2\/media?parent=19346"}],"wp:term":[{"taxonomy":"category","embeddable":true,"href":"https:\/\/www.epcc.ee\/en\/wp-json\/wp\/v2\/categories?post=19346"},{"taxonomy":"post_tag","embeddable":true,"href":"https:\/\/www.epcc.ee\/en\/wp-json\/wp\/v2\/tags?post=19346"}],"curies":[{"name":"wp","href":"https:\/\/api.w.org\/{rel}","templated":true}]}}